{"id":2013,"date":"2024-03-08T10:00:05","date_gmt":"2024-03-08T09:00:05","guid":{"rendered":"https:\/\/www.ifd-frankfurt.de\/?p=2013"},"modified":"2024-03-08T10:00:48","modified_gmt":"2024-03-08T09:00:48","slug":"eingliederungszuschuesse-fuer-arbeitslose-wirken-als-sprungbrett-in-den-allgemeinen-arbeitsmarkt","status":"publish","type":"post","link":"https:\/\/www.ifd-frankfurt.de\/de-ls\/2024\/03\/08\/eingliederungszuschuesse-fuer-arbeitslose-wirken-als-sprungbrett-in-den-allgemeinen-arbeitsmarkt\/","title":{"rendered":"Eingliederungszusch\u00fcsse f\u00fcr Arbeitslose wirken als Sprungbrett in den allgemeinen Arbeitsmarkt"},"content":{"rendered":"\n<p>Der Eingliederungszuschuss soll Arbeitsuchenden den Weg in eine sozialversicherungspflichtige Besch\u00e4ftigung ebnen. Tats\u00e4chlich deuten viele Studien auf verbesserte Besch\u00e4ftigungschancen f\u00fcr Gef\u00f6rderte hin. Gleichwohl sollte das Instrument behutsam eingesetzt werden, um unn\u00f6tige Mitnahmeeffekte zu vermeiden.<\/p>\n\n\n\n<p><a href=\"https:\/\/www.iab-forum.de\/eingliederungszuschuesse-fuer-arbeitslose-wirken-als-sprungbrett-in-den-allgemeinen-arbeitsmarkt\/\" target=\"_blank\" rel=\"noreferrer noopener\">HIER <\/a>geht&#8217;s zum Artikel im IAB-Forum mit mehr interessanten Informationen zum Thema.<\/p>\n","protected":false},"excerpt":{"rendered":"<p>Der Eingliederungszuschuss soll Arbeitsuchenden den Weg in eine sozialversicherungspflichtige Besch\u00e4ftigung ebnen. Tats\u00e4chlich deuten viele Studien auf verbesserte Besch\u00e4ftigungschancen f\u00fcr Gef\u00f6rderte hin. Gleichwohl sollte das Instrument behutsam eingesetzt werden, um unn\u00f6tige Mitnahmeeffekte zu vermeiden. HIER geht&#8217;s zum Artikel im IAB-Forum mit mehr interessanten Informationen zum Thema.<\/p>\n","protected":false},"author":2,"featured_media":2014,"comment_status":"closed","ping_status":"closed","sticky":false,"template":"","format":"standard","meta":{"_acf_changed":false,"footnotes":""},"categories":[1],"tags":[],"class_list":["post-2013","post","type-post","status-publish","format-standard","has-post-thumbnail","hentry","category-unkategorisiert"],"acf":[],"yoast_head":"<!-- This site is optimized with the Yoast SEO plugin v24.6 - https:\/\/yoast.com\/wordpress\/plugins\/seo\/ -->\n<title>Eingliederungszusch\u00fcsse f\u00fcr Arbeitslose wirken als Sprungbrett in den allgemeinen Arbeitsmarkt - IFD Frankfurt<\/title>\n<meta name=\"robots\" content=\"index, follow, max-snippet:-1, max-image-preview:large, max-video-preview:-1\" \/>\n<link rel=\"canonical\" href=\"https:\/\/www.ifd-frankfurt.de\/2024\/03\/08\/eingliederungszuschuesse-fuer-arbeitslose-wirken-als-sprungbrett-in-den-allgemeinen-arbeitsmarkt\/\" \/>\n<meta property=\"og:locale\" content=\"de_DE\" \/>\n<meta property=\"og:type\" content=\"article\" \/>\n<meta property=\"og:title\" content=\"Eingliederungszusch\u00fcsse f\u00fcr Arbeitslose wirken als Sprungbrett in den allgemeinen Arbeitsmarkt - IFD Frankfurt\" \/>\n<meta property=\"og:description\" content=\"Der Eingliederungszuschuss soll Arbeitsuchenden den Weg in eine sozialversicherungspflichtige Besch\u00e4ftigung ebnen. Tats\u00e4chlich deuten viele Studien auf verbesserte Besch\u00e4ftigungschancen f\u00fcr Gef\u00f6rderte hin. Gleichwohl sollte das Instrument behutsam eingesetzt werden, um unn\u00f6tige Mitnahmeeffekte zu vermeiden. HIER geht&#8217;s zum Artikel im IAB-Forum mit mehr interessanten Informationen zum Thema.\" \/>\n<meta property=\"og:url\" content=\"https:\/\/www.ifd-frankfurt.de\/2024\/03\/08\/eingliederungszuschuesse-fuer-arbeitslose-wirken-als-sprungbrett-in-den-allgemeinen-arbeitsmarkt\/\" \/>\n<meta property=\"og:site_name\" content=\"IFD Frankfurt\" \/>\n<meta property=\"article:published_time\" content=\"2024-03-08T09:00:05+00:00\" \/>\n<meta property=\"article:modified_time\" content=\"2024-03-08T09:00:48+00:00\" \/>\n<meta property=\"og:image\" content=\"https:\/\/www.ifd-frankfurt.de\/wp-content\/uploads\/2024\/03\/S-22a-003_Forum_Beitragsbild.jpg\" \/>\n\t<meta property=\"og:image:width\" content=\"1420\" \/>\n\t<meta property=\"og:image:height\" content=\"607\" \/>\n\t<meta property=\"og:image:type\" content=\"image\/jpeg\" \/>\n<meta name=\"author\" content=\"Antje Bergmann\" \/>\n<meta name=\"twitter:card\" content=\"summary_large_image\" \/>\n<meta name=\"twitter:label1\" content=\"Written by\" \/>\n\t<meta name=\"twitter:data1\" content=\"Antje Bergmann\" \/>\n<script type=\"application\/ld+json\" class=\"yoast-schema-graph\">{\"@context\":\"https:\/\/schema.org\",\"@graph\":[{\"@type\":\"Article\",\"@id\":\"https:\/\/www.ifd-frankfurt.de\/2024\/03\/08\/eingliederungszuschuesse-fuer-arbeitslose-wirken-als-sprungbrett-in-den-allgemeinen-arbeitsmarkt\/#article\",\"isPartOf\":{\"@id\":\"https:\/\/www.ifd-frankfurt.de\/2024\/03\/08\/eingliederungszuschuesse-fuer-arbeitslose-wirken-als-sprungbrett-in-den-allgemeinen-arbeitsmarkt\/\"},\"author\":{\"name\":\"Antje Bergmann\",\"@id\":\"https:\/\/www.ifd-frankfurt.de\/#\/schema\/person\/73f90caae2a0314d6185fa586c9be111\"},\"headline\":\"Eingliederungszusch\u00fcsse f\u00fcr Arbeitslose wirken als Sprungbrett in den allgemeinen Arbeitsmarkt\",\"datePublished\":\"2024-03-08T09:00:05+00:00\",\"dateModified\":\"2024-03-08T09:00:48+00:00\",\"mainEntityOfPage\":{\"@id\":\"https:\/\/www.ifd-frankfurt.de\/2024\/03\/08\/eingliederungszuschuesse-fuer-arbeitslose-wirken-als-sprungbrett-in-den-allgemeinen-arbeitsmarkt\/\"},\"wordCount\":64,\"publisher\":{\"@id\":\"https:\/\/www.ifd-frankfurt.de\/#organization\"},\"image\":{\"@id\":\"https:\/\/www.ifd-frankfurt.de\/2024\/03\/08\/eingliederungszuschuesse-fuer-arbeitslose-wirken-als-sprungbrett-in-den-allgemeinen-arbeitsmarkt\/#primaryimage\"},\"thumbnailUrl\":\"https:\/\/www.ifd-frankfurt.de\/wp-content\/uploads\/2024\/03\/S-22a-003_Forum_Beitragsbild.jpg\",\"articleSection\":[\"Unkategorisiert\"],\"inLanguage\":\"de-LS\"},{\"@type\":\"WebPage\",\"@id\":\"https:\/\/www.ifd-frankfurt.de\/2024\/03\/08\/eingliederungszuschuesse-fuer-arbeitslose-wirken-als-sprungbrett-in-den-allgemeinen-arbeitsmarkt\/\",\"url\":\"https:\/\/www.ifd-frankfurt.de\/2024\/03\/08\/eingliederungszuschuesse-fuer-arbeitslose-wirken-als-sprungbrett-in-den-allgemeinen-arbeitsmarkt\/\",\"name\":\"Eingliederungszusch\u00fcsse f\u00fcr Arbeitslose wirken als Sprungbrett in den allgemeinen Arbeitsmarkt - IFD Frankfurt\",\"isPartOf\":{\"@id\":\"https:\/\/www.ifd-frankfurt.de\/#website\"},\"primaryImageOfPage\":{\"@id\":\"https:\/\/www.ifd-frankfurt.de\/2024\/03\/08\/eingliederungszuschuesse-fuer-arbeitslose-wirken-als-sprungbrett-in-den-allgemeinen-arbeitsmarkt\/#primaryimage\"},\"image\":{\"@id\":\"https:\/\/www.ifd-frankfurt.de\/2024\/03\/08\/eingliederungszuschuesse-fuer-arbeitslose-wirken-als-sprungbrett-in-den-allgemeinen-arbeitsmarkt\/#primaryimage\"},\"thumbnailUrl\":\"https:\/\/www.ifd-frankfurt.de\/wp-content\/uploads\/2024\/03\/S-22a-003_Forum_Beitragsbild.jpg\",\"datePublished\":\"2024-03-08T09:00:05+00:00\",\"dateModified\":\"2024-03-08T09:00:48+00:00\",\"breadcrumb\":{\"@id\":\"https:\/\/www.ifd-frankfurt.de\/2024\/03\/08\/eingliederungszuschuesse-fuer-arbeitslose-wirken-als-sprungbrett-in-den-allgemeinen-arbeitsmarkt\/#breadcrumb\"},\"inLanguage\":\"de-LS\",\"potentialAction\":[{\"@type\":\"ReadAction\",\"target\":[\"https:\/\/www.ifd-frankfurt.de\/2024\/03\/08\/eingliederungszuschuesse-fuer-arbeitslose-wirken-als-sprungbrett-in-den-allgemeinen-arbeitsmarkt\/\"]}]},{\"@type\":\"ImageObject\",\"inLanguage\":\"de-LS\",\"@id\":\"https:\/\/www.ifd-frankfurt.de\/2024\/03\/08\/eingliederungszuschuesse-fuer-arbeitslose-wirken-als-sprungbrett-in-den-allgemeinen-arbeitsmarkt\/#primaryimage\",\"url\":\"https:\/\/www.ifd-frankfurt.de\/wp-content\/uploads\/2024\/03\/S-22a-003_Forum_Beitragsbild.jpg\",\"contentUrl\":\"https:\/\/www.ifd-frankfurt.de\/wp-content\/uploads\/2024\/03\/S-22a-003_Forum_Beitragsbild.jpg\",\"width\":1420,\"height\":607},{\"@type\":\"BreadcrumbList\",\"@id\":\"https:\/\/www.ifd-frankfurt.de\/2024\/03\/08\/eingliederungszuschuesse-fuer-arbeitslose-wirken-als-sprungbrett-in-den-allgemeinen-arbeitsmarkt\/#breadcrumb\",\"itemListElement\":[{\"@type\":\"ListItem\",\"position\":1,\"name\":\"Startseite\",\"item\":\"https:\/\/www.ifd-frankfurt.de\/de-ls\/\"},{\"@type\":\"ListItem\",\"position\":2,\"name\":\"Eingliederungszusch\u00fcsse f\u00fcr Arbeitslose wirken als Sprungbrett in den allgemeinen Arbeitsmarkt\"}]},{\"@type\":\"WebSite\",\"@id\":\"https:\/\/www.ifd-frankfurt.de\/#website\",\"url\":\"https:\/\/www.ifd-frankfurt.de\/\",\"name\":\"IFD Frankfurt\",\"description\":\"\",\"publisher\":{\"@id\":\"https:\/\/www.ifd-frankfurt.de\/#organization\"},\"potentialAction\":[{\"@type\":\"SearchAction\",\"target\":{\"@type\":\"EntryPoint\",\"urlTemplate\":\"https:\/\/www.ifd-frankfurt.de\/?s={search_term_string}\"},\"query-input\":{\"@type\":\"PropertyValueSpecification\",\"valueRequired\":true,\"valueName\":\"search_term_string\"}}],\"inLanguage\":\"de-LS\"},{\"@type\":\"Organization\",\"@id\":\"https:\/\/www.ifd-frankfurt.de\/#organization\",\"name\":\"IFD Frankfurt\",\"url\":\"https:\/\/www.ifd-frankfurt.de\/\",\"logo\":{\"@type\":\"ImageObject\",\"inLanguage\":\"de-LS\",\"@id\":\"https:\/\/www.ifd-frankfurt.de\/#\/schema\/logo\/image\/\",\"url\":\"https:\/\/www.ifd-frankfurt.de\/wp-content\/uploads\/2019\/09\/IFD_logo.svg\",\"contentUrl\":\"https:\/\/www.ifd-frankfurt.de\/wp-content\/uploads\/2019\/09\/IFD_logo.svg\",\"width\":164,\"height\":45,\"caption\":\"IFD Frankfurt\"},\"image\":{\"@id\":\"https:\/\/www.ifd-frankfurt.de\/#\/schema\/logo\/image\/\"}},{\"@type\":\"Person\",\"@id\":\"https:\/\/www.ifd-frankfurt.de\/#\/schema\/person\/73f90caae2a0314d6185fa586c9be111\",\"name\":\"Antje Bergmann\",\"image\":{\"@type\":\"ImageObject\",\"inLanguage\":\"de-LS\",\"@id\":\"https:\/\/www.ifd-frankfurt.de\/#\/schema\/person\/image\/\",\"url\":\"https:\/\/secure.gravatar.com\/avatar\/786919dde2cb16a0249def315c0d21c3?s=96&d=mm&r=g\",\"contentUrl\":\"https:\/\/secure.gravatar.com\/avatar\/786919dde2cb16a0249def315c0d21c3?s=96&d=mm&r=g\",\"caption\":\"Antje Bergmann\"},\"sameAs\":[\"http:\/\/www.frankfurter-verein.de\"],\"url\":\"https:\/\/www.ifd-frankfurt.de\/de-ls\/author\/abergmann\/\"}]}<\/script>\n<!-- \/ Yoast SEO plugin. -->","yoast_head_json":{"title":"Eingliederungszusch\u00fcsse f\u00fcr Arbeitslose wirken als Sprungbrett in den allgemeinen Arbeitsmarkt - IFD Frankfurt","robots":{"index":"index","follow":"follow","max-snippet":"max-snippet:-1","max-image-preview":"max-image-preview:large","max-video-preview":"max-video-preview:-1"},"canonical":"https:\/\/www.ifd-frankfurt.de\/2024\/03\/08\/eingliederungszuschuesse-fuer-arbeitslose-wirken-als-sprungbrett-in-den-allgemeinen-arbeitsmarkt\/","og_locale":"de_DE","og_type":"article","og_title":"Eingliederungszusch\u00fcsse f\u00fcr Arbeitslose wirken als Sprungbrett in den allgemeinen Arbeitsmarkt - IFD Frankfurt","og_description":"Der Eingliederungszuschuss soll Arbeitsuchenden den Weg in eine sozialversicherungspflichtige Besch\u00e4ftigung ebnen. Tats\u00e4chlich deuten viele Studien auf verbesserte Besch\u00e4ftigungschancen f\u00fcr Gef\u00f6rderte hin. Gleichwohl sollte das Instrument behutsam eingesetzt werden, um unn\u00f6tige Mitnahmeeffekte zu vermeiden. HIER geht&#8217;s zum Artikel im IAB-Forum mit mehr interessanten Informationen zum Thema.","og_url":"https:\/\/www.ifd-frankfurt.de\/2024\/03\/08\/eingliederungszuschuesse-fuer-arbeitslose-wirken-als-sprungbrett-in-den-allgemeinen-arbeitsmarkt\/","og_site_name":"IFD Frankfurt","article_published_time":"2024-03-08T09:00:05+00:00","article_modified_time":"2024-03-08T09:00:48+00:00","og_image":[{"width":1420,"height":607,"url":"https:\/\/www.ifd-frankfurt.de\/wp-content\/uploads\/2024\/03\/S-22a-003_Forum_Beitragsbild.jpg","type":"image\/jpeg"}],"author":"Antje Bergmann","twitter_card":"summary_large_image","twitter_misc":{"Written by":"Antje Bergmann"},"schema":{"@context":"https:\/\/schema.org","@graph":[{"@type":"Article","@id":"https:\/\/www.ifd-frankfurt.de\/2024\/03\/08\/eingliederungszuschuesse-fuer-arbeitslose-wirken-als-sprungbrett-in-den-allgemeinen-arbeitsmarkt\/#article","isPartOf":{"@id":"https:\/\/www.ifd-frankfurt.de\/2024\/03\/08\/eingliederungszuschuesse-fuer-arbeitslose-wirken-als-sprungbrett-in-den-allgemeinen-arbeitsmarkt\/"},"author":{"name":"Antje Bergmann","@id":"https:\/\/www.ifd-frankfurt.de\/#\/schema\/person\/73f90caae2a0314d6185fa586c9be111"},"headline":"Eingliederungszusch\u00fcsse f\u00fcr Arbeitslose wirken als Sprungbrett in den allgemeinen Arbeitsmarkt","datePublished":"2024-03-08T09:00:05+00:00","dateModified":"2024-03-08T09:00:48+00:00","mainEntityOfPage":{"@id":"https:\/\/www.ifd-frankfurt.de\/2024\/03\/08\/eingliederungszuschuesse-fuer-arbeitslose-wirken-als-sprungbrett-in-den-allgemeinen-arbeitsmarkt\/"},"wordCount":64,"publisher":{"@id":"https:\/\/www.ifd-frankfurt.de\/#organization"},"image":{"@id":"https:\/\/www.ifd-frankfurt.de\/2024\/03\/08\/eingliederungszuschuesse-fuer-arbeitslose-wirken-als-sprungbrett-in-den-allgemeinen-arbeitsmarkt\/#primaryimage"},"thumbnailUrl":"https:\/\/www.ifd-frankfurt.de\/wp-content\/uploads\/2024\/03\/S-22a-003_Forum_Beitragsbild.jpg","articleSection":["Unkategorisiert"],"inLanguage":"de-LS"},{"@type":"WebPage","@id":"https:\/\/www.ifd-frankfurt.de\/2024\/03\/08\/eingliederungszuschuesse-fuer-arbeitslose-wirken-als-sprungbrett-in-den-allgemeinen-arbeitsmarkt\/","url":"https:\/\/www.ifd-frankfurt.de\/2024\/03\/08\/eingliederungszuschuesse-fuer-arbeitslose-wirken-als-sprungbrett-in-den-allgemeinen-arbeitsmarkt\/","name":"Eingliederungszusch\u00fcsse f\u00fcr Arbeitslose wirken als Sprungbrett in den allgemeinen Arbeitsmarkt - IFD Frankfurt","isPartOf":{"@id":"https:\/\/www.ifd-frankfurt.de\/#website"},"primaryImageOfPage":{"@id":"https:\/\/www.ifd-frankfurt.de\/2024\/03\/08\/eingliederungszuschuesse-fuer-arbeitslose-wirken-als-sprungbrett-in-den-allgemeinen-arbeitsmarkt\/#primaryimage"},"image":{"@id":"https:\/\/www.ifd-frankfurt.de\/2024\/03\/08\/eingliederungszuschuesse-fuer-arbeitslose-wirken-als-sprungbrett-in-den-allgemeinen-arbeitsmarkt\/#primaryimage"},"thumbnailUrl":"https:\/\/www.ifd-frankfurt.de\/wp-content\/uploads\/2024\/03\/S-22a-003_Forum_Beitragsbild.jpg","datePublished":"2024-03-08T09:00:05+00:00","dateModified":"2024-03-08T09:00:48+00:00","breadcrumb":{"@id":"https:\/\/www.ifd-frankfurt.de\/2024\/03\/08\/eingliederungszuschuesse-fuer-arbeitslose-wirken-als-sprungbrett-in-den-allgemeinen-arbeitsmarkt\/#breadcrumb"},"inLanguage":"de-LS","potentialAction":[{"@type":"ReadAction","target":["https:\/\/www.ifd-frankfurt.de\/2024\/03\/08\/eingliederungszuschuesse-fuer-arbeitslose-wirken-als-sprungbrett-in-den-allgemeinen-arbeitsmarkt\/"]}]},{"@type":"ImageObject","inLanguage":"de-LS","@id":"https:\/\/www.ifd-frankfurt.de\/2024\/03\/08\/eingliederungszuschuesse-fuer-arbeitslose-wirken-als-sprungbrett-in-den-allgemeinen-arbeitsmarkt\/#primaryimage","url":"https:\/\/www.ifd-frankfurt.de\/wp-content\/uploads\/2024\/03\/S-22a-003_Forum_Beitragsbild.jpg","contentUrl":"https:\/\/www.ifd-frankfurt.de\/wp-content\/uploads\/2024\/03\/S-22a-003_Forum_Beitragsbild.jpg","width":1420,"height":607},{"@type":"BreadcrumbList","@id":"https:\/\/www.ifd-frankfurt.de\/2024\/03\/08\/eingliederungszuschuesse-fuer-arbeitslose-wirken-als-sprungbrett-in-den-allgemeinen-arbeitsmarkt\/#breadcrumb","itemListElement":[{"@type":"ListItem","position":1,"name":"Startseite","item":"https:\/\/www.ifd-frankfurt.de\/de-ls\/"},{"@type":"ListItem","position":2,"name":"Eingliederungszusch\u00fcsse f\u00fcr Arbeitslose wirken als Sprungbrett in den allgemeinen Arbeitsmarkt"}]},{"@type":"WebSite","@id":"https:\/\/www.ifd-frankfurt.de\/#website","url":"https:\/\/www.ifd-frankfurt.de\/","name":"IFD Frankfurt","description":"","publisher":{"@id":"https:\/\/www.ifd-frankfurt.de\/#organization"},"potentialAction":[{"@type":"SearchAction","target":{"@type":"EntryPoint","urlTemplate":"https:\/\/www.ifd-frankfurt.de\/?s={search_term_string}"},"query-input":{"@type":"PropertyValueSpecification","valueRequired":true,"valueName":"search_term_string"}}],"inLanguage":"de-LS"},{"@type":"Organization","@id":"https:\/\/www.ifd-frankfurt.de\/#organization","name":"IFD Frankfurt","url":"https:\/\/www.ifd-frankfurt.de\/","logo":{"@type":"ImageObject","inLanguage":"de-LS","@id":"https:\/\/www.ifd-frankfurt.de\/#\/schema\/logo\/image\/","url":"https:\/\/www.ifd-frankfurt.de\/wp-content\/uploads\/2019\/09\/IFD_logo.svg","contentUrl":"https:\/\/www.ifd-frankfurt.de\/wp-content\/uploads\/2019\/09\/IFD_logo.svg","width":164,"height":45,"caption":"IFD Frankfurt"},"image":{"@id":"https:\/\/www.ifd-frankfurt.de\/#\/schema\/logo\/image\/"}},{"@type":"Person","@id":"https:\/\/www.ifd-frankfurt.de\/#\/schema\/person\/73f90caae2a0314d6185fa586c9be111","name":"Antje Bergmann","image":{"@type":"ImageObject","inLanguage":"de-LS","@id":"https:\/\/www.ifd-frankfurt.de\/#\/schema\/person\/image\/","url":"https:\/\/secure.gravatar.com\/avatar\/786919dde2cb16a0249def315c0d21c3?s=96&d=mm&r=g","contentUrl":"https:\/\/secure.gravatar.com\/avatar\/786919dde2cb16a0249def315c0d21c3?s=96&d=mm&r=g","caption":"Antje Bergmann"},"sameAs":["http:\/\/www.frankfurter-verein.de"],"url":"https:\/\/www.ifd-frankfurt.de\/de-ls\/author\/abergmann\/"}]}},"_links":{"self":[{"href":"https:\/\/www.ifd-frankfurt.de\/de-ls\/wp-json\/wp\/v2\/posts\/2013","targetHints":{"allow":["GET"]}}],"collection":[{"href":"https:\/\/www.ifd-frankfurt.de\/de-ls\/wp-json\/wp\/v2\/posts"}],"about":[{"href":"https:\/\/www.ifd-frankfurt.de\/de-ls\/wp-json\/wp\/v2\/types\/post"}],"author":[{"embeddable":true,"href":"https:\/\/www.ifd-frankfurt.de\/de-ls\/wp-json\/wp\/v2\/users\/2"}],"replies":[{"embeddable":true,"href":"https:\/\/www.ifd-frankfurt.de\/de-ls\/wp-json\/wp\/v2\/comments?post=2013"}],"version-history":[{"count":2,"href":"https:\/\/www.ifd-frankfurt.de\/de-ls\/wp-json\/wp\/v2\/posts\/2013\/revisions"}],"predecessor-version":[{"id":2019,"href":"https:\/\/www.ifd-frankfurt.de\/de-ls\/wp-json\/wp\/v2\/posts\/2013\/revisions\/2019"}],"wp:featuredmedia":[{"embeddable":true,"href":"https:\/\/www.ifd-frankfurt.de\/de-ls\/wp-json\/wp\/v2\/media\/2014"}],"wp:attachment":[{"href":"https:\/\/www.ifd-frankfurt.de\/de-ls\/wp-json\/wp\/v2\/media?parent=2013"}],"wp:term":[{"taxonomy":"category","embeddable":true,"href":"https:\/\/www.ifd-frankfurt.de\/de-ls\/wp-json\/wp\/v2\/categories?post=2013"},{"taxonomy":"post_tag","embeddable":true,"href":"https:\/\/www.ifd-frankfurt.de\/de-ls\/wp-json\/wp\/v2\/tags?post=2013"}],"curies":[{"name":"wp","href":"https:\/\/api.w.org\/{rel}","templated":true}]}}