{"id":1377,"date":"2020-12-15T11:08:23","date_gmt":"2020-12-15T10:08:23","guid":{"rendered":"https:\/\/www.ifd-frankfurt.de\/?p=1377"},"modified":"2020-12-15T11:13:30","modified_gmt":"2020-12-15T10:13:30","slug":"feiertagsgruesse","status":"publish","type":"post","link":"https:\/\/www.ifd-frankfurt.de\/de-ls\/2020\/12\/15\/feiertagsgruesse\/","title":{"rendered":"Feiertagsgr\u00fc\u00dfe"},"content":{"rendered":"\n<p>F\u00fcr das entgegengebracht Vertrauen und f\u00fcr die gute Zusammenarbeit m\u00f6chten wir uns herzlich bedanken. <\/p>\n\n\n\n<p>Wir w\u00fcnschen Ihnen frohe und friedvolle Festtage. F\u00fcr das Jahr 2021 viel Erfolg und vor allem eine gute Gesundheit.<\/p>\n\n\n\n<p>&#8220;Vielleicht gibt es sch\u00f6nere Zeiten, aber diese ist die unsere.&#8221; <\/p>\n\n\n\n<figure class=\"wp-block-gallery columns-1 is-cropped wp-block-gallery-1 is-layout-flex wp-block-gallery-is-layout-flex\"><ul class=\"blocks-gallery-grid\"><li class=\"blocks-gallery-item\"><figure><img fetchpriority=\"high\" decoding=\"async\" width=\"800\" height=\"1024\" src=\"https:\/\/www.ifd-frankfurt.de\/wp-content\/uploads\/2020\/12\/IFD-Frankfurt-800x1024.jpg\" alt=\"\" data-id=\"1378\" data-full-url=\"https:\/\/www.ifd-frankfurt.de\/wp-content\/uploads\/2020\/12\/IFD-Frankfurt.jpg\" data-link=\"https:\/\/www.ifd-frankfurt.de\/?attachment_id=1378\" class=\"wp-image-1378\" srcset=\"https:\/\/www.ifd-frankfurt.de\/wp-content\/uploads\/2020\/12\/IFD-Frankfurt-800x1024.jpg 800w, https:\/\/www.ifd-frankfurt.de\/wp-content\/uploads\/2020\/12\/IFD-Frankfurt-234x300.jpg 234w, https:\/\/www.ifd-frankfurt.de\/wp-content\/uploads\/2020\/12\/IFD-Frankfurt-768x983.jpg 768w, https:\/\/www.ifd-frankfurt.de\/wp-content\/uploads\/2020\/12\/IFD-Frankfurt-1201x1536.jpg 1201w, https:\/\/www.ifd-frankfurt.de\/wp-content\/uploads\/2020\/12\/IFD-Frankfurt-1601x2048.jpg 1601w, https:\/\/www.ifd-frankfurt.de\/wp-content\/uploads\/2020\/12\/IFD-Frankfurt.jpg 1618w\" sizes=\"(max-width: 800px) 100vw, 800px\" \/><figcaption class=\"blocks-gallery-item__caption\">dav<\/figcaption><\/figure><\/li><\/ul><\/figure>\n","protected":false},"excerpt":{"rendered":"<p>F\u00fcr das entgegengebracht Vertrauen und f\u00fcr die gute Zusammenarbeit m\u00f6chten wir uns herzlich bedanken. Wir w\u00fcnschen Ihnen frohe und friedvolle Festtage. F\u00fcr das Jahr 2021 viel Erfolg und vor allem eine gute Gesundheit. &#8220;Vielleicht gibt es sch\u00f6nere Zeiten, aber diese ist die unsere.&#8221;<\/p>\n","protected":false},"author":2,"featured_media":1385,"comment_status":"closed","ping_status":"closed","sticky":false,"template":"","format":"standard","meta":{"_acf_changed":false,"footnotes":""},"categories":[1],"tags":[],"class_list":["post-1377","post","type-post","status-publish","format-standard","has-post-thumbnail","hentry","category-unkategorisiert"],"acf":[],"yoast_head":"<!-- This site is optimized with the Yoast SEO plugin v24.6 - https:\/\/yoast.com\/wordpress\/plugins\/seo\/ -->\n<title>Feiertagsgr\u00fc\u00dfe - IFD Frankfurt<\/title>\n<meta name=\"robots\" content=\"index, follow, max-snippet:-1, max-image-preview:large, max-video-preview:-1\" \/>\n<link rel=\"canonical\" href=\"https:\/\/www.ifd-frankfurt.de\/2020\/12\/15\/feiertagsgruesse\/\" \/>\n<meta property=\"og:locale\" content=\"de_DE\" \/>\n<meta property=\"og:type\" content=\"article\" \/>\n<meta property=\"og:title\" content=\"Feiertagsgr\u00fc\u00dfe - IFD Frankfurt\" \/>\n<meta property=\"og:description\" content=\"F\u00fcr das entgegengebracht Vertrauen und f\u00fcr die gute Zusammenarbeit m\u00f6chten wir uns herzlich bedanken. Wir w\u00fcnschen Ihnen frohe und friedvolle Festtage. F\u00fcr das Jahr 2021 viel Erfolg und vor allem eine gute Gesundheit. &#8220;Vielleicht gibt es sch\u00f6nere Zeiten, aber diese ist die unsere.&#8221;\" \/>\n<meta property=\"og:url\" content=\"https:\/\/www.ifd-frankfurt.de\/2020\/12\/15\/feiertagsgruesse\/\" \/>\n<meta property=\"og:site_name\" content=\"IFD Frankfurt\" \/>\n<meta property=\"article:published_time\" content=\"2020-12-15T10:08:23+00:00\" \/>\n<meta property=\"article:modified_time\" content=\"2020-12-15T10:13:30+00:00\" \/>\n<meta property=\"og:image\" content=\"https:\/\/www.ifd-frankfurt.de\/wp-content\/uploads\/2020\/12\/Unbenannt.png\" \/>\n\t<meta property=\"og:image:width\" content=\"552\" \/>\n\t<meta property=\"og:image:height\" content=\"489\" \/>\n\t<meta property=\"og:image:type\" content=\"image\/png\" \/>\n<meta name=\"author\" content=\"Antje Bergmann\" \/>\n<meta name=\"twitter:card\" content=\"summary_large_image\" \/>\n<meta name=\"twitter:label1\" content=\"Written by\" \/>\n\t<meta name=\"twitter:data1\" content=\"Antje Bergmann\" \/>\n<script type=\"application\/ld+json\" class=\"yoast-schema-graph\">{\"@context\":\"https:\/\/schema.org\",\"@graph\":[{\"@type\":\"Article\",\"@id\":\"https:\/\/www.ifd-frankfurt.de\/2020\/12\/15\/feiertagsgruesse\/#article\",\"isPartOf\":{\"@id\":\"https:\/\/www.ifd-frankfurt.de\/2020\/12\/15\/feiertagsgruesse\/\"},\"author\":{\"name\":\"Antje Bergmann\",\"@id\":\"https:\/\/www.ifd-frankfurt.de\/#\/schema\/person\/73f90caae2a0314d6185fa586c9be111\"},\"headline\":\"Feiertagsgr\u00fc\u00dfe\",\"datePublished\":\"2020-12-15T10:08:23+00:00\",\"dateModified\":\"2020-12-15T10:13:30+00:00\",\"mainEntityOfPage\":{\"@id\":\"https:\/\/www.ifd-frankfurt.de\/2020\/12\/15\/feiertagsgruesse\/\"},\"wordCount\":51,\"publisher\":{\"@id\":\"https:\/\/www.ifd-frankfurt.de\/#organization\"},\"image\":{\"@id\":\"https:\/\/www.ifd-frankfurt.de\/2020\/12\/15\/feiertagsgruesse\/#primaryimage\"},\"thumbnailUrl\":\"https:\/\/www.ifd-frankfurt.de\/wp-content\/uploads\/2020\/12\/Unbenannt.png\",\"articleSection\":[\"Unkategorisiert\"],\"inLanguage\":\"de-LS\"},{\"@type\":\"WebPage\",\"@id\":\"https:\/\/www.ifd-frankfurt.de\/2020\/12\/15\/feiertagsgruesse\/\",\"url\":\"https:\/\/www.ifd-frankfurt.de\/2020\/12\/15\/feiertagsgruesse\/\",\"name\":\"Feiertagsgr\u00fc\u00dfe - IFD Frankfurt\",\"isPartOf\":{\"@id\":\"https:\/\/www.ifd-frankfurt.de\/#website\"},\"primaryImageOfPage\":{\"@id\":\"https:\/\/www.ifd-frankfurt.de\/2020\/12\/15\/feiertagsgruesse\/#primaryimage\"},\"image\":{\"@id\":\"https:\/\/www.ifd-frankfurt.de\/2020\/12\/15\/feiertagsgruesse\/#primaryimage\"},\"thumbnailUrl\":\"https:\/\/www.ifd-frankfurt.de\/wp-content\/uploads\/2020\/12\/Unbenannt.png\",\"datePublished\":\"2020-12-15T10:08:23+00:00\",\"dateModified\":\"2020-12-15T10:13:30+00:00\",\"breadcrumb\":{\"@id\":\"https:\/\/www.ifd-frankfurt.de\/2020\/12\/15\/feiertagsgruesse\/#breadcrumb\"},\"inLanguage\":\"de-LS\",\"potentialAction\":[{\"@type\":\"ReadAction\",\"target\":[\"https:\/\/www.ifd-frankfurt.de\/2020\/12\/15\/feiertagsgruesse\/\"]}]},{\"@type\":\"ImageObject\",\"inLanguage\":\"de-LS\",\"@id\":\"https:\/\/www.ifd-frankfurt.de\/2020\/12\/15\/feiertagsgruesse\/#primaryimage\",\"url\":\"https:\/\/www.ifd-frankfurt.de\/wp-content\/uploads\/2020\/12\/Unbenannt.png\",\"contentUrl\":\"https:\/\/www.ifd-frankfurt.de\/wp-content\/uploads\/2020\/12\/Unbenannt.png\",\"width\":552,\"height\":489},{\"@type\":\"BreadcrumbList\",\"@id\":\"https:\/\/www.ifd-frankfurt.de\/2020\/12\/15\/feiertagsgruesse\/#breadcrumb\",\"itemListElement\":[{\"@type\":\"ListItem\",\"position\":1,\"name\":\"Startseite\",\"item\":\"https:\/\/www.ifd-frankfurt.de\/de-ls\/\"},{\"@type\":\"ListItem\",\"position\":2,\"name\":\"Feiertagsgr\u00fc\u00dfe\"}]},{\"@type\":\"WebSite\",\"@id\":\"https:\/\/www.ifd-frankfurt.de\/#website\",\"url\":\"https:\/\/www.ifd-frankfurt.de\/\",\"name\":\"IFD Frankfurt\",\"description\":\"\",\"publisher\":{\"@id\":\"https:\/\/www.ifd-frankfurt.de\/#organization\"},\"potentialAction\":[{\"@type\":\"SearchAction\",\"target\":{\"@type\":\"EntryPoint\",\"urlTemplate\":\"https:\/\/www.ifd-frankfurt.de\/?s={search_term_string}\"},\"query-input\":{\"@type\":\"PropertyValueSpecification\",\"valueRequired\":true,\"valueName\":\"search_term_string\"}}],\"inLanguage\":\"de-LS\"},{\"@type\":\"Organization\",\"@id\":\"https:\/\/www.ifd-frankfurt.de\/#organization\",\"name\":\"IFD Frankfurt\",\"url\":\"https:\/\/www.ifd-frankfurt.de\/\",\"logo\":{\"@type\":\"ImageObject\",\"inLanguage\":\"de-LS\",\"@id\":\"https:\/\/www.ifd-frankfurt.de\/#\/schema\/logo\/image\/\",\"url\":\"https:\/\/www.ifd-frankfurt.de\/wp-content\/uploads\/2019\/09\/IFD_logo.svg\",\"contentUrl\":\"https:\/\/www.ifd-frankfurt.de\/wp-content\/uploads\/2019\/09\/IFD_logo.svg\",\"width\":164,\"height\":45,\"caption\":\"IFD Frankfurt\"},\"image\":{\"@id\":\"https:\/\/www.ifd-frankfurt.de\/#\/schema\/logo\/image\/\"}},{\"@type\":\"Person\",\"@id\":\"https:\/\/www.ifd-frankfurt.de\/#\/schema\/person\/73f90caae2a0314d6185fa586c9be111\",\"name\":\"Antje Bergmann\",\"image\":{\"@type\":\"ImageObject\",\"inLanguage\":\"de-LS\",\"@id\":\"https:\/\/www.ifd-frankfurt.de\/#\/schema\/person\/image\/\",\"url\":\"https:\/\/secure.gravatar.com\/avatar\/786919dde2cb16a0249def315c0d21c3?s=96&d=mm&r=g\",\"contentUrl\":\"https:\/\/secure.gravatar.com\/avatar\/786919dde2cb16a0249def315c0d21c3?s=96&d=mm&r=g\",\"caption\":\"Antje Bergmann\"},\"sameAs\":[\"http:\/\/www.frankfurter-verein.de\"],\"url\":\"https:\/\/www.ifd-frankfurt.de\/de-ls\/author\/abergmann\/\"}]}<\/script>\n<!-- \/ Yoast SEO plugin. -->","yoast_head_json":{"title":"Feiertagsgr\u00fc\u00dfe - IFD Frankfurt","robots":{"index":"index","follow":"follow","max-snippet":"max-snippet:-1","max-image-preview":"max-image-preview:large","max-video-preview":"max-video-preview:-1"},"canonical":"https:\/\/www.ifd-frankfurt.de\/2020\/12\/15\/feiertagsgruesse\/","og_locale":"de_DE","og_type":"article","og_title":"Feiertagsgr\u00fc\u00dfe - IFD Frankfurt","og_description":"F\u00fcr das entgegengebracht Vertrauen und f\u00fcr die gute Zusammenarbeit m\u00f6chten wir uns herzlich bedanken. Wir w\u00fcnschen Ihnen frohe und friedvolle Festtage. F\u00fcr das Jahr 2021 viel Erfolg und vor allem eine gute Gesundheit. &#8220;Vielleicht gibt es sch\u00f6nere Zeiten, aber diese ist die unsere.&#8221;","og_url":"https:\/\/www.ifd-frankfurt.de\/2020\/12\/15\/feiertagsgruesse\/","og_site_name":"IFD Frankfurt","article_published_time":"2020-12-15T10:08:23+00:00","article_modified_time":"2020-12-15T10:13:30+00:00","og_image":[{"width":552,"height":489,"url":"https:\/\/www.ifd-frankfurt.de\/wp-content\/uploads\/2020\/12\/Unbenannt.png","type":"image\/png"}],"author":"Antje Bergmann","twitter_card":"summary_large_image","twitter_misc":{"Written by":"Antje Bergmann"},"schema":{"@context":"https:\/\/schema.org","@graph":[{"@type":"Article","@id":"https:\/\/www.ifd-frankfurt.de\/2020\/12\/15\/feiertagsgruesse\/#article","isPartOf":{"@id":"https:\/\/www.ifd-frankfurt.de\/2020\/12\/15\/feiertagsgruesse\/"},"author":{"name":"Antje Bergmann","@id":"https:\/\/www.ifd-frankfurt.de\/#\/schema\/person\/73f90caae2a0314d6185fa586c9be111"},"headline":"Feiertagsgr\u00fc\u00dfe","datePublished":"2020-12-15T10:08:23+00:00","dateModified":"2020-12-15T10:13:30+00:00","mainEntityOfPage":{"@id":"https:\/\/www.ifd-frankfurt.de\/2020\/12\/15\/feiertagsgruesse\/"},"wordCount":51,"publisher":{"@id":"https:\/\/www.ifd-frankfurt.de\/#organization"},"image":{"@id":"https:\/\/www.ifd-frankfurt.de\/2020\/12\/15\/feiertagsgruesse\/#primaryimage"},"thumbnailUrl":"https:\/\/www.ifd-frankfurt.de\/wp-content\/uploads\/2020\/12\/Unbenannt.png","articleSection":["Unkategorisiert"],"inLanguage":"de-LS"},{"@type":"WebPage","@id":"https:\/\/www.ifd-frankfurt.de\/2020\/12\/15\/feiertagsgruesse\/","url":"https:\/\/www.ifd-frankfurt.de\/2020\/12\/15\/feiertagsgruesse\/","name":"Feiertagsgr\u00fc\u00dfe - IFD Frankfurt","isPartOf":{"@id":"https:\/\/www.ifd-frankfurt.de\/#website"},"primaryImageOfPage":{"@id":"https:\/\/www.ifd-frankfurt.de\/2020\/12\/15\/feiertagsgruesse\/#primaryimage"},"image":{"@id":"https:\/\/www.ifd-frankfurt.de\/2020\/12\/15\/feiertagsgruesse\/#primaryimage"},"thumbnailUrl":"https:\/\/www.ifd-frankfurt.de\/wp-content\/uploads\/2020\/12\/Unbenannt.png","datePublished":"2020-12-15T10:08:23+00:00","dateModified":"2020-12-15T10:13:30+00:00","breadcrumb":{"@id":"https:\/\/www.ifd-frankfurt.de\/2020\/12\/15\/feiertagsgruesse\/#breadcrumb"},"inLanguage":"de-LS","potentialAction":[{"@type":"ReadAction","target":["https:\/\/www.ifd-frankfurt.de\/2020\/12\/15\/feiertagsgruesse\/"]}]},{"@type":"ImageObject","inLanguage":"de-LS","@id":"https:\/\/www.ifd-frankfurt.de\/2020\/12\/15\/feiertagsgruesse\/#primaryimage","url":"https:\/\/www.ifd-frankfurt.de\/wp-content\/uploads\/2020\/12\/Unbenannt.png","contentUrl":"https:\/\/www.ifd-frankfurt.de\/wp-content\/uploads\/2020\/12\/Unbenannt.png","width":552,"height":489},{"@type":"BreadcrumbList","@id":"https:\/\/www.ifd-frankfurt.de\/2020\/12\/15\/feiertagsgruesse\/#breadcrumb","itemListElement":[{"@type":"ListItem","position":1,"name":"Startseite","item":"https:\/\/www.ifd-frankfurt.de\/de-ls\/"},{"@type":"ListItem","position":2,"name":"Feiertagsgr\u00fc\u00dfe"}]},{"@type":"WebSite","@id":"https:\/\/www.ifd-frankfurt.de\/#website","url":"https:\/\/www.ifd-frankfurt.de\/","name":"IFD Frankfurt","description":"","publisher":{"@id":"https:\/\/www.ifd-frankfurt.de\/#organization"},"potentialAction":[{"@type":"SearchAction","target":{"@type":"EntryPoint","urlTemplate":"https:\/\/www.ifd-frankfurt.de\/?s={search_term_string}"},"query-input":{"@type":"PropertyValueSpecification","valueRequired":true,"valueName":"search_term_string"}}],"inLanguage":"de-LS"},{"@type":"Organization","@id":"https:\/\/www.ifd-frankfurt.de\/#organization","name":"IFD Frankfurt","url":"https:\/\/www.ifd-frankfurt.de\/","logo":{"@type":"ImageObject","inLanguage":"de-LS","@id":"https:\/\/www.ifd-frankfurt.de\/#\/schema\/logo\/image\/","url":"https:\/\/www.ifd-frankfurt.de\/wp-content\/uploads\/2019\/09\/IFD_logo.svg","contentUrl":"https:\/\/www.ifd-frankfurt.de\/wp-content\/uploads\/2019\/09\/IFD_logo.svg","width":164,"height":45,"caption":"IFD Frankfurt"},"image":{"@id":"https:\/\/www.ifd-frankfurt.de\/#\/schema\/logo\/image\/"}},{"@type":"Person","@id":"https:\/\/www.ifd-frankfurt.de\/#\/schema\/person\/73f90caae2a0314d6185fa586c9be111","name":"Antje Bergmann","image":{"@type":"ImageObject","inLanguage":"de-LS","@id":"https:\/\/www.ifd-frankfurt.de\/#\/schema\/person\/image\/","url":"https:\/\/secure.gravatar.com\/avatar\/786919dde2cb16a0249def315c0d21c3?s=96&d=mm&r=g","contentUrl":"https:\/\/secure.gravatar.com\/avatar\/786919dde2cb16a0249def315c0d21c3?s=96&d=mm&r=g","caption":"Antje Bergmann"},"sameAs":["http:\/\/www.frankfurter-verein.de"],"url":"https:\/\/www.ifd-frankfurt.de\/de-ls\/author\/abergmann\/"}]}},"_links":{"self":[{"href":"https:\/\/www.ifd-frankfurt.de\/de-ls\/wp-json\/wp\/v2\/posts\/1377","targetHints":{"allow":["GET"]}}],"collection":[{"href":"https:\/\/www.ifd-frankfurt.de\/de-ls\/wp-json\/wp\/v2\/posts"}],"about":[{"href":"https:\/\/www.ifd-frankfurt.de\/de-ls\/wp-json\/wp\/v2\/types\/post"}],"author":[{"embeddable":true,"href":"https:\/\/www.ifd-frankfurt.de\/de-ls\/wp-json\/wp\/v2\/users\/2"}],"replies":[{"embeddable":true,"href":"https:\/\/www.ifd-frankfurt.de\/de-ls\/wp-json\/wp\/v2\/comments?post=1377"}],"version-history":[{"count":1,"href":"https:\/\/www.ifd-frankfurt.de\/de-ls\/wp-json\/wp\/v2\/posts\/1377\/revisions"}],"predecessor-version":[{"id":1381,"href":"https:\/\/www.ifd-frankfurt.de\/de-ls\/wp-json\/wp\/v2\/posts\/1377\/revisions\/1381"}],"wp:featuredmedia":[{"embeddable":true,"href":"https:\/\/www.ifd-frankfurt.de\/de-ls\/wp-json\/wp\/v2\/media\/1385"}],"wp:attachment":[{"href":"https:\/\/www.ifd-frankfurt.de\/de-ls\/wp-json\/wp\/v2\/media?parent=1377"}],"wp:term":[{"taxonomy":"category","embeddable":true,"href":"https:\/\/www.ifd-frankfurt.de\/de-ls\/wp-json\/wp\/v2\/categories?post=1377"},{"taxonomy":"post_tag","embeddable":true,"href":"https:\/\/www.ifd-frankfurt.de\/de-ls\/wp-json\/wp\/v2\/tags?post=1377"}],"curies":[{"name":"wp","href":"https:\/\/api.w.org\/{rel}","templated":true}]}}