{"id":1354,"date":"2020-11-09T11:02:55","date_gmt":"2020-11-09T10:02:55","guid":{"rendered":"https:\/\/www.ifd-frankfurt.de\/?p=1354"},"modified":"2020-11-09T11:02:57","modified_gmt":"2020-11-09T10:02:57","slug":"save-the-date-gesund-arbeiten-am-puls-der-zeit","status":"publish","type":"post","link":"https:\/\/www.ifd-frankfurt.de\/de-ls\/2020\/11\/09\/save-the-date-gesund-arbeiten-am-puls-der-zeit\/","title":{"rendered":"Save the Date \/\/ Gesund arbeiten &#8211; am Puls der Zeit"},"content":{"rendered":"\n<p>Wie k\u00f6nnen Unternehmen die Herausforderungen der aktuellen Krise f\u00fcr die F\u00f6rderung der Gesundheit der Besch\u00e4ftigten nutzen? Dar\u00fcber diskutieren wir am 11. November 2020 mit Praktiker*innen und Fachleuten. Seien Sie dabei!<\/p>\n\n\n\n<p>der IFD Frankfurt und dessen Partner*innen gestalten den Themenraum 4 &#8220;Hier bekommen Sie Unterst\u00fctzung&#8221;. <\/p>\n\n\n\n<p>Wir freuen uns auf Ihre Teilnahme!<\/p>\n\n\n\n<p><a href=\"https:\/\/www.rkw-kompetenzzentrum.de\/fachkraeftesicherung\/projekte\/gesundheit-im-betrieb\/gesund-arbeiten-am-puls-der-zeit\/\" target=\"_blank\" rel=\"noreferrer noopener\">https:\/\/www.rkw-kompetenzzentrum.de\/fachkraeftesicherung\/projekte\/gesundheit-im-betrieb\/gesund-arbeiten-am-puls-der-zeit\/<\/a><\/p>\n","protected":false},"excerpt":{"rendered":"<p>Wie k\u00f6nnen Unternehmen die Herausforderungen der aktuellen Krise f\u00fcr die F\u00f6rderung der Gesundheit der Besch\u00e4ftigten nutzen? Dar\u00fcber diskutieren wir am 11. November 2020 mit Praktiker*innen und Fachleuten. Seien Sie dabei! der IFD Frankfurt und dessen Partner*innen gestalten den Themenraum 4 &#8220;Hier bekommen Sie Unterst\u00fctzung&#8221;. Wir freuen uns auf Ihre Teilnahme! https:\/\/www.rkw-kompetenzzentrum.de\/fachkraeftesicherung\/projekte\/gesundheit-im-betrieb\/gesund-arbeiten-am-puls-der-zeit\/<\/p>\n","protected":false},"author":2,"featured_media":1356,"comment_status":"closed","ping_status":"closed","sticky":false,"template":"","format":"standard","meta":{"_acf_changed":false,"footnotes":""},"categories":[1],"tags":[],"class_list":["post-1354","post","type-post","status-publish","format-standard","has-post-thumbnail","hentry","category-unkategorisiert"],"acf":[],"yoast_head":"<!-- This site is optimized with the Yoast SEO plugin v24.6 - https:\/\/yoast.com\/wordpress\/plugins\/seo\/ -->\n<title>Save the Date \/\/ Gesund arbeiten - am Puls der Zeit - IFD Frankfurt<\/title>\n<meta name=\"robots\" content=\"index, follow, max-snippet:-1, max-image-preview:large, max-video-preview:-1\" \/>\n<link rel=\"canonical\" href=\"https:\/\/www.ifd-frankfurt.de\/2020\/11\/09\/save-the-date-gesund-arbeiten-am-puls-der-zeit\/\" \/>\n<meta property=\"og:locale\" content=\"de_DE\" \/>\n<meta property=\"og:type\" content=\"article\" \/>\n<meta property=\"og:title\" content=\"Save the Date \/\/ Gesund arbeiten - am Puls der Zeit - IFD Frankfurt\" \/>\n<meta property=\"og:description\" content=\"Wie k\u00f6nnen Unternehmen die Herausforderungen der aktuellen Krise f\u00fcr die F\u00f6rderung der Gesundheit der Besch\u00e4ftigten nutzen? Dar\u00fcber diskutieren wir am 11. November 2020 mit Praktiker*innen und Fachleuten. Seien Sie dabei! der IFD Frankfurt und dessen Partner*innen gestalten den Themenraum 4 &#8220;Hier bekommen Sie Unterst\u00fctzung&#8221;. Wir freuen uns auf Ihre Teilnahme! https:\/\/www.rkw-kompetenzzentrum.de\/fachkraeftesicherung\/projekte\/gesundheit-im-betrieb\/gesund-arbeiten-am-puls-der-zeit\/\" \/>\n<meta property=\"og:url\" content=\"https:\/\/www.ifd-frankfurt.de\/2020\/11\/09\/save-the-date-gesund-arbeiten-am-puls-der-zeit\/\" \/>\n<meta property=\"og:site_name\" content=\"IFD Frankfurt\" \/>\n<meta property=\"article:published_time\" content=\"2020-11-09T10:02:55+00:00\" \/>\n<meta property=\"article:modified_time\" content=\"2020-11-09T10:02:57+00:00\" \/>\n<meta property=\"og:image\" content=\"https:\/\/www.ifd-frankfurt.de\/wp-content\/uploads\/2020\/11\/RKW.png\" \/>\n\t<meta property=\"og:image:width\" content=\"544\" \/>\n\t<meta property=\"og:image:height\" content=\"262\" \/>\n\t<meta property=\"og:image:type\" content=\"image\/png\" \/>\n<meta name=\"author\" content=\"Antje Bergmann\" \/>\n<meta name=\"twitter:card\" content=\"summary_large_image\" \/>\n<meta name=\"twitter:label1\" content=\"Written by\" \/>\n\t<meta name=\"twitter:data1\" content=\"Antje Bergmann\" \/>\n<script type=\"application\/ld+json\" class=\"yoast-schema-graph\">{\"@context\":\"https:\/\/schema.org\",\"@graph\":[{\"@type\":\"Article\",\"@id\":\"https:\/\/www.ifd-frankfurt.de\/2020\/11\/09\/save-the-date-gesund-arbeiten-am-puls-der-zeit\/#article\",\"isPartOf\":{\"@id\":\"https:\/\/www.ifd-frankfurt.de\/2020\/11\/09\/save-the-date-gesund-arbeiten-am-puls-der-zeit\/\"},\"author\":{\"name\":\"Antje Bergmann\",\"@id\":\"https:\/\/www.ifd-frankfurt.de\/#\/schema\/person\/73f90caae2a0314d6185fa586c9be111\"},\"headline\":\"Save the Date \/\/ Gesund arbeiten &#8211; am Puls der Zeit\",\"datePublished\":\"2020-11-09T10:02:55+00:00\",\"dateModified\":\"2020-11-09T10:02:57+00:00\",\"mainEntityOfPage\":{\"@id\":\"https:\/\/www.ifd-frankfurt.de\/2020\/11\/09\/save-the-date-gesund-arbeiten-am-puls-der-zeit\/\"},\"wordCount\":73,\"publisher\":{\"@id\":\"https:\/\/www.ifd-frankfurt.de\/#organization\"},\"image\":{\"@id\":\"https:\/\/www.ifd-frankfurt.de\/2020\/11\/09\/save-the-date-gesund-arbeiten-am-puls-der-zeit\/#primaryimage\"},\"thumbnailUrl\":\"https:\/\/www.ifd-frankfurt.de\/wp-content\/uploads\/2020\/11\/RKW.png\",\"articleSection\":[\"Unkategorisiert\"],\"inLanguage\":\"de-LS\"},{\"@type\":\"WebPage\",\"@id\":\"https:\/\/www.ifd-frankfurt.de\/2020\/11\/09\/save-the-date-gesund-arbeiten-am-puls-der-zeit\/\",\"url\":\"https:\/\/www.ifd-frankfurt.de\/2020\/11\/09\/save-the-date-gesund-arbeiten-am-puls-der-zeit\/\",\"name\":\"Save the Date \/\/ Gesund arbeiten - am Puls der Zeit - IFD Frankfurt\",\"isPartOf\":{\"@id\":\"https:\/\/www.ifd-frankfurt.de\/#website\"},\"primaryImageOfPage\":{\"@id\":\"https:\/\/www.ifd-frankfurt.de\/2020\/11\/09\/save-the-date-gesund-arbeiten-am-puls-der-zeit\/#primaryimage\"},\"image\":{\"@id\":\"https:\/\/www.ifd-frankfurt.de\/2020\/11\/09\/save-the-date-gesund-arbeiten-am-puls-der-zeit\/#primaryimage\"},\"thumbnailUrl\":\"https:\/\/www.ifd-frankfurt.de\/wp-content\/uploads\/2020\/11\/RKW.png\",\"datePublished\":\"2020-11-09T10:02:55+00:00\",\"dateModified\":\"2020-11-09T10:02:57+00:00\",\"breadcrumb\":{\"@id\":\"https:\/\/www.ifd-frankfurt.de\/2020\/11\/09\/save-the-date-gesund-arbeiten-am-puls-der-zeit\/#breadcrumb\"},\"inLanguage\":\"de-LS\",\"potentialAction\":[{\"@type\":\"ReadAction\",\"target\":[\"https:\/\/www.ifd-frankfurt.de\/2020\/11\/09\/save-the-date-gesund-arbeiten-am-puls-der-zeit\/\"]}]},{\"@type\":\"ImageObject\",\"inLanguage\":\"de-LS\",\"@id\":\"https:\/\/www.ifd-frankfurt.de\/2020\/11\/09\/save-the-date-gesund-arbeiten-am-puls-der-zeit\/#primaryimage\",\"url\":\"https:\/\/www.ifd-frankfurt.de\/wp-content\/uploads\/2020\/11\/RKW.png\",\"contentUrl\":\"https:\/\/www.ifd-frankfurt.de\/wp-content\/uploads\/2020\/11\/RKW.png\",\"width\":544,\"height\":262},{\"@type\":\"BreadcrumbList\",\"@id\":\"https:\/\/www.ifd-frankfurt.de\/2020\/11\/09\/save-the-date-gesund-arbeiten-am-puls-der-zeit\/#breadcrumb\",\"itemListElement\":[{\"@type\":\"ListItem\",\"position\":1,\"name\":\"Startseite\",\"item\":\"https:\/\/www.ifd-frankfurt.de\/de-ls\/\"},{\"@type\":\"ListItem\",\"position\":2,\"name\":\"Save the Date \/\/ Gesund arbeiten &#8211; am Puls der Zeit\"}]},{\"@type\":\"WebSite\",\"@id\":\"https:\/\/www.ifd-frankfurt.de\/#website\",\"url\":\"https:\/\/www.ifd-frankfurt.de\/\",\"name\":\"IFD Frankfurt\",\"description\":\"\",\"publisher\":{\"@id\":\"https:\/\/www.ifd-frankfurt.de\/#organization\"},\"potentialAction\":[{\"@type\":\"SearchAction\",\"target\":{\"@type\":\"EntryPoint\",\"urlTemplate\":\"https:\/\/www.ifd-frankfurt.de\/?s={search_term_string}\"},\"query-input\":{\"@type\":\"PropertyValueSpecification\",\"valueRequired\":true,\"valueName\":\"search_term_string\"}}],\"inLanguage\":\"de-LS\"},{\"@type\":\"Organization\",\"@id\":\"https:\/\/www.ifd-frankfurt.de\/#organization\",\"name\":\"IFD Frankfurt\",\"url\":\"https:\/\/www.ifd-frankfurt.de\/\",\"logo\":{\"@type\":\"ImageObject\",\"inLanguage\":\"de-LS\",\"@id\":\"https:\/\/www.ifd-frankfurt.de\/#\/schema\/logo\/image\/\",\"url\":\"https:\/\/www.ifd-frankfurt.de\/wp-content\/uploads\/2019\/09\/IFD_logo.svg\",\"contentUrl\":\"https:\/\/www.ifd-frankfurt.de\/wp-content\/uploads\/2019\/09\/IFD_logo.svg\",\"width\":164,\"height\":45,\"caption\":\"IFD Frankfurt\"},\"image\":{\"@id\":\"https:\/\/www.ifd-frankfurt.de\/#\/schema\/logo\/image\/\"}},{\"@type\":\"Person\",\"@id\":\"https:\/\/www.ifd-frankfurt.de\/#\/schema\/person\/73f90caae2a0314d6185fa586c9be111\",\"name\":\"Antje Bergmann\",\"image\":{\"@type\":\"ImageObject\",\"inLanguage\":\"de-LS\",\"@id\":\"https:\/\/www.ifd-frankfurt.de\/#\/schema\/person\/image\/\",\"url\":\"https:\/\/secure.gravatar.com\/avatar\/786919dde2cb16a0249def315c0d21c3?s=96&d=mm&r=g\",\"contentUrl\":\"https:\/\/secure.gravatar.com\/avatar\/786919dde2cb16a0249def315c0d21c3?s=96&d=mm&r=g\",\"caption\":\"Antje Bergmann\"},\"sameAs\":[\"http:\/\/www.frankfurter-verein.de\"],\"url\":\"https:\/\/www.ifd-frankfurt.de\/de-ls\/author\/abergmann\/\"}]}<\/script>\n<!-- \/ Yoast SEO plugin. -->","yoast_head_json":{"title":"Save the Date \/\/ Gesund arbeiten - am Puls der Zeit - IFD Frankfurt","robots":{"index":"index","follow":"follow","max-snippet":"max-snippet:-1","max-image-preview":"max-image-preview:large","max-video-preview":"max-video-preview:-1"},"canonical":"https:\/\/www.ifd-frankfurt.de\/2020\/11\/09\/save-the-date-gesund-arbeiten-am-puls-der-zeit\/","og_locale":"de_DE","og_type":"article","og_title":"Save the Date \/\/ Gesund arbeiten - am Puls der Zeit - IFD Frankfurt","og_description":"Wie k\u00f6nnen Unternehmen die Herausforderungen der aktuellen Krise f\u00fcr die F\u00f6rderung der Gesundheit der Besch\u00e4ftigten nutzen? Dar\u00fcber diskutieren wir am 11. November 2020 mit Praktiker*innen und Fachleuten. Seien Sie dabei! der IFD Frankfurt und dessen Partner*innen gestalten den Themenraum 4 &#8220;Hier bekommen Sie Unterst\u00fctzung&#8221;. Wir freuen uns auf Ihre Teilnahme! https:\/\/www.rkw-kompetenzzentrum.de\/fachkraeftesicherung\/projekte\/gesundheit-im-betrieb\/gesund-arbeiten-am-puls-der-zeit\/","og_url":"https:\/\/www.ifd-frankfurt.de\/2020\/11\/09\/save-the-date-gesund-arbeiten-am-puls-der-zeit\/","og_site_name":"IFD Frankfurt","article_published_time":"2020-11-09T10:02:55+00:00","article_modified_time":"2020-11-09T10:02:57+00:00","og_image":[{"width":544,"height":262,"url":"https:\/\/www.ifd-frankfurt.de\/wp-content\/uploads\/2020\/11\/RKW.png","type":"image\/png"}],"author":"Antje Bergmann","twitter_card":"summary_large_image","twitter_misc":{"Written by":"Antje Bergmann"},"schema":{"@context":"https:\/\/schema.org","@graph":[{"@type":"Article","@id":"https:\/\/www.ifd-frankfurt.de\/2020\/11\/09\/save-the-date-gesund-arbeiten-am-puls-der-zeit\/#article","isPartOf":{"@id":"https:\/\/www.ifd-frankfurt.de\/2020\/11\/09\/save-the-date-gesund-arbeiten-am-puls-der-zeit\/"},"author":{"name":"Antje Bergmann","@id":"https:\/\/www.ifd-frankfurt.de\/#\/schema\/person\/73f90caae2a0314d6185fa586c9be111"},"headline":"Save the Date \/\/ Gesund arbeiten &#8211; am Puls der Zeit","datePublished":"2020-11-09T10:02:55+00:00","dateModified":"2020-11-09T10:02:57+00:00","mainEntityOfPage":{"@id":"https:\/\/www.ifd-frankfurt.de\/2020\/11\/09\/save-the-date-gesund-arbeiten-am-puls-der-zeit\/"},"wordCount":73,"publisher":{"@id":"https:\/\/www.ifd-frankfurt.de\/#organization"},"image":{"@id":"https:\/\/www.ifd-frankfurt.de\/2020\/11\/09\/save-the-date-gesund-arbeiten-am-puls-der-zeit\/#primaryimage"},"thumbnailUrl":"https:\/\/www.ifd-frankfurt.de\/wp-content\/uploads\/2020\/11\/RKW.png","articleSection":["Unkategorisiert"],"inLanguage":"de-LS"},{"@type":"WebPage","@id":"https:\/\/www.ifd-frankfurt.de\/2020\/11\/09\/save-the-date-gesund-arbeiten-am-puls-der-zeit\/","url":"https:\/\/www.ifd-frankfurt.de\/2020\/11\/09\/save-the-date-gesund-arbeiten-am-puls-der-zeit\/","name":"Save the Date \/\/ Gesund arbeiten - am Puls der Zeit - IFD Frankfurt","isPartOf":{"@id":"https:\/\/www.ifd-frankfurt.de\/#website"},"primaryImageOfPage":{"@id":"https:\/\/www.ifd-frankfurt.de\/2020\/11\/09\/save-the-date-gesund-arbeiten-am-puls-der-zeit\/#primaryimage"},"image":{"@id":"https:\/\/www.ifd-frankfurt.de\/2020\/11\/09\/save-the-date-gesund-arbeiten-am-puls-der-zeit\/#primaryimage"},"thumbnailUrl":"https:\/\/www.ifd-frankfurt.de\/wp-content\/uploads\/2020\/11\/RKW.png","datePublished":"2020-11-09T10:02:55+00:00","dateModified":"2020-11-09T10:02:57+00:00","breadcrumb":{"@id":"https:\/\/www.ifd-frankfurt.de\/2020\/11\/09\/save-the-date-gesund-arbeiten-am-puls-der-zeit\/#breadcrumb"},"inLanguage":"de-LS","potentialAction":[{"@type":"ReadAction","target":["https:\/\/www.ifd-frankfurt.de\/2020\/11\/09\/save-the-date-gesund-arbeiten-am-puls-der-zeit\/"]}]},{"@type":"ImageObject","inLanguage":"de-LS","@id":"https:\/\/www.ifd-frankfurt.de\/2020\/11\/09\/save-the-date-gesund-arbeiten-am-puls-der-zeit\/#primaryimage","url":"https:\/\/www.ifd-frankfurt.de\/wp-content\/uploads\/2020\/11\/RKW.png","contentUrl":"https:\/\/www.ifd-frankfurt.de\/wp-content\/uploads\/2020\/11\/RKW.png","width":544,"height":262},{"@type":"BreadcrumbList","@id":"https:\/\/www.ifd-frankfurt.de\/2020\/11\/09\/save-the-date-gesund-arbeiten-am-puls-der-zeit\/#breadcrumb","itemListElement":[{"@type":"ListItem","position":1,"name":"Startseite","item":"https:\/\/www.ifd-frankfurt.de\/de-ls\/"},{"@type":"ListItem","position":2,"name":"Save the Date \/\/ Gesund arbeiten &#8211; am Puls der Zeit"}]},{"@type":"WebSite","@id":"https:\/\/www.ifd-frankfurt.de\/#website","url":"https:\/\/www.ifd-frankfurt.de\/","name":"IFD Frankfurt","description":"","publisher":{"@id":"https:\/\/www.ifd-frankfurt.de\/#organization"},"potentialAction":[{"@type":"SearchAction","target":{"@type":"EntryPoint","urlTemplate":"https:\/\/www.ifd-frankfurt.de\/?s={search_term_string}"},"query-input":{"@type":"PropertyValueSpecification","valueRequired":true,"valueName":"search_term_string"}}],"inLanguage":"de-LS"},{"@type":"Organization","@id":"https:\/\/www.ifd-frankfurt.de\/#organization","name":"IFD Frankfurt","url":"https:\/\/www.ifd-frankfurt.de\/","logo":{"@type":"ImageObject","inLanguage":"de-LS","@id":"https:\/\/www.ifd-frankfurt.de\/#\/schema\/logo\/image\/","url":"https:\/\/www.ifd-frankfurt.de\/wp-content\/uploads\/2019\/09\/IFD_logo.svg","contentUrl":"https:\/\/www.ifd-frankfurt.de\/wp-content\/uploads\/2019\/09\/IFD_logo.svg","width":164,"height":45,"caption":"IFD Frankfurt"},"image":{"@id":"https:\/\/www.ifd-frankfurt.de\/#\/schema\/logo\/image\/"}},{"@type":"Person","@id":"https:\/\/www.ifd-frankfurt.de\/#\/schema\/person\/73f90caae2a0314d6185fa586c9be111","name":"Antje Bergmann","image":{"@type":"ImageObject","inLanguage":"de-LS","@id":"https:\/\/www.ifd-frankfurt.de\/#\/schema\/person\/image\/","url":"https:\/\/secure.gravatar.com\/avatar\/786919dde2cb16a0249def315c0d21c3?s=96&d=mm&r=g","contentUrl":"https:\/\/secure.gravatar.com\/avatar\/786919dde2cb16a0249def315c0d21c3?s=96&d=mm&r=g","caption":"Antje Bergmann"},"sameAs":["http:\/\/www.frankfurter-verein.de"],"url":"https:\/\/www.ifd-frankfurt.de\/de-ls\/author\/abergmann\/"}]}},"_links":{"self":[{"href":"https:\/\/www.ifd-frankfurt.de\/de-ls\/wp-json\/wp\/v2\/posts\/1354","targetHints":{"allow":["GET"]}}],"collection":[{"href":"https:\/\/www.ifd-frankfurt.de\/de-ls\/wp-json\/wp\/v2\/posts"}],"about":[{"href":"https:\/\/www.ifd-frankfurt.de\/de-ls\/wp-json\/wp\/v2\/types\/post"}],"author":[{"embeddable":true,"href":"https:\/\/www.ifd-frankfurt.de\/de-ls\/wp-json\/wp\/v2\/users\/2"}],"replies":[{"embeddable":true,"href":"https:\/\/www.ifd-frankfurt.de\/de-ls\/wp-json\/wp\/v2\/comments?post=1354"}],"version-history":[{"count":2,"href":"https:\/\/www.ifd-frankfurt.de\/de-ls\/wp-json\/wp\/v2\/posts\/1354\/revisions"}],"predecessor-version":[{"id":1359,"href":"https:\/\/www.ifd-frankfurt.de\/de-ls\/wp-json\/wp\/v2\/posts\/1354\/revisions\/1359"}],"wp:featuredmedia":[{"embeddable":true,"href":"https:\/\/www.ifd-frankfurt.de\/de-ls\/wp-json\/wp\/v2\/media\/1356"}],"wp:attachment":[{"href":"https:\/\/www.ifd-frankfurt.de\/de-ls\/wp-json\/wp\/v2\/media?parent=1354"}],"wp:term":[{"taxonomy":"category","embeddable":true,"href":"https:\/\/www.ifd-frankfurt.de\/de-ls\/wp-json\/wp\/v2\/categories?post=1354"},{"taxonomy":"post_tag","embeddable":true,"href":"https:\/\/www.ifd-frankfurt.de\/de-ls\/wp-json\/wp\/v2\/tags?post=1354"}],"curies":[{"name":"wp","href":"https:\/\/api.w.org\/{rel}","templated":true}]}}