{"id":1260,"date":"2020-03-31T14:50:56","date_gmt":"2020-03-31T12:50:56","guid":{"rendered":"https:\/\/www.ifd-frankfurt.de\/?p=1260"},"modified":"2020-04-28T11:16:39","modified_gmt":"2020-04-28T09:16:39","slug":"coronavirus-ifd-frankfurt-bietet-weiterhin-beratung-an","status":"publish","type":"post","link":"https:\/\/www.ifd-frankfurt.de\/de-ls\/2020\/03\/31\/coronavirus-ifd-frankfurt-bietet-weiterhin-beratung-an\/","title":{"rendered":"Coronavirus \/\/ IFD Frankfurt bietet weiterhin Beratung an"},"content":{"rendered":"\n<figure class=\"wp-block-image size-large is-resized\"><img fetchpriority=\"high\" decoding=\"async\" src=\"https:\/\/www.ifd-frankfurt.de\/wp-content\/uploads\/2020\/03\/index-1.jpg\" alt=\"\" class=\"wp-image-1263\" width=\"579\" height=\"353\"\/><\/figure>\n\n\n\n<p>Aufgrund der Coronavirus-Pandemie kommt es in vielen Bereichen des allt\u00e4glichen Lebens teilweise zum Stillstand. Dies merken wir vom IFD Frankfurt in unserer t\u00e4glichen Arbeit. Es ist unser Auftrag, aber auch unser Anliegen, weiterhin Beratung f\u00fcr Betroffene und auch f\u00fcr Betriebe anbieten zu k\u00f6nnen. <\/p>\n\n\n\n<p>Wir haben unsere Arbeitsweise nun so umgestellt, dass Beratungen f\u00fcr die Zeit w\u00e4hrend Corona ausschlie\u00dflich telefonisch m\u00f6glich sind, sowohl f\u00fcr Betriebe als auch f\u00fcr Betroffene. <\/p>\n\n\n\n<p>Der Empfang unserer Beratungsstelle ist nach wie vor besetzt, ein Teil des Teams ist weiterhin in der Beratungsstelle anwesend, der andere Teil befindet sich im Home Office und f\u00fchrt Beratungen von dort aus durch. <\/p>\n\n\n\n<p>Ihre Fragen und Anliegen sind bei uns weiterhin herzlich willkommen, hierzu k\u00f6nnen Sie uns unter: 069-7580790 oder per E-Mail. ifd@frankfurter-verein.de kontaktieren. <\/p>\n\n\n\n<p>Wir w\u00fcnschen Ihnen eine gute Gesundheit, kommen Sie gut durch diese ungew\u00f6hnliche Zeit.<\/p>\n\n\n\n<p>Ihr Team vom IFD Frankfurt!<\/p>\n\n\n\n<p><\/p>\n","protected":false},"excerpt":{"rendered":"<p>Aufgrund der Coronavirus-Pandemie kommt es in vielen Bereichen des allt\u00e4glichen Lebens teilweise zum Stillstand. Dies merken wir vom IFD Frankfurt in unserer t\u00e4glichen Arbeit. Es ist unser Auftrag, aber auch unser Anliegen, weiterhin Beratung f\u00fcr Betroffene und auch f\u00fcr Betriebe anbieten zu k\u00f6nnen. Wir haben unsere Arbeitsweise nun so umgestellt, dass Beratungen f\u00fcr die Zeit [&hellip;]<\/p>\n","protected":false},"author":2,"featured_media":1263,"comment_status":"closed","ping_status":"closed","sticky":false,"template":"","format":"standard","meta":{"_acf_changed":false,"footnotes":""},"categories":[1],"tags":[],"class_list":["post-1260","post","type-post","status-publish","format-standard","has-post-thumbnail","hentry","category-unkategorisiert"],"acf":[],"yoast_head":"<!-- This site is optimized with the Yoast SEO plugin v24.6 - https:\/\/yoast.com\/wordpress\/plugins\/seo\/ -->\n<title>Coronavirus \/\/ IFD Frankfurt bietet weiterhin Beratung an - IFD Frankfurt<\/title>\n<meta name=\"robots\" content=\"index, follow, max-snippet:-1, max-image-preview:large, max-video-preview:-1\" \/>\n<link rel=\"canonical\" href=\"https:\/\/www.ifd-frankfurt.de\/2020\/03\/31\/coronavirus-ifd-frankfurt-bietet-weiterhin-beratung-an\/\" \/>\n<meta property=\"og:locale\" content=\"de_DE\" \/>\n<meta property=\"og:type\" content=\"article\" \/>\n<meta property=\"og:title\" content=\"Coronavirus \/\/ IFD Frankfurt bietet weiterhin Beratung an - IFD Frankfurt\" \/>\n<meta property=\"og:description\" content=\"Aufgrund der Coronavirus-Pandemie kommt es in vielen Bereichen des allt\u00e4glichen Lebens teilweise zum Stillstand. Dies merken wir vom IFD Frankfurt in unserer t\u00e4glichen Arbeit. Es ist unser Auftrag, aber auch unser Anliegen, weiterhin Beratung f\u00fcr Betroffene und auch f\u00fcr Betriebe anbieten zu k\u00f6nnen. Wir haben unsere Arbeitsweise nun so umgestellt, dass Beratungen f\u00fcr die Zeit [&hellip;]\" \/>\n<meta property=\"og:url\" content=\"https:\/\/www.ifd-frankfurt.de\/2020\/03\/31\/coronavirus-ifd-frankfurt-bietet-weiterhin-beratung-an\/\" \/>\n<meta property=\"og:site_name\" content=\"IFD Frankfurt\" \/>\n<meta property=\"article:published_time\" content=\"2020-03-31T12:50:56+00:00\" \/>\n<meta property=\"article:modified_time\" content=\"2020-04-28T09:16:39+00:00\" \/>\n<meta property=\"og:image\" content=\"https:\/\/www.ifd-frankfurt.de\/wp-content\/uploads\/2020\/03\/index-1.jpg\" \/>\n\t<meta property=\"og:image:width\" content=\"287\" \/>\n\t<meta property=\"og:image:height\" content=\"175\" \/>\n\t<meta property=\"og:image:type\" content=\"image\/jpeg\" \/>\n<meta name=\"author\" content=\"Antje Bergmann\" \/>\n<meta name=\"twitter:card\" content=\"summary_large_image\" \/>\n<meta name=\"twitter:label1\" content=\"Written by\" \/>\n\t<meta name=\"twitter:data1\" content=\"Antje Bergmann\" \/>\n\t<meta name=\"twitter:label2\" content=\"Est. reading time\" \/>\n\t<meta name=\"twitter:data2\" content=\"1 minute\" \/>\n<script type=\"application\/ld+json\" class=\"yoast-schema-graph\">{\"@context\":\"https:\/\/schema.org\",\"@graph\":[{\"@type\":\"Article\",\"@id\":\"https:\/\/www.ifd-frankfurt.de\/2020\/03\/31\/coronavirus-ifd-frankfurt-bietet-weiterhin-beratung-an\/#article\",\"isPartOf\":{\"@id\":\"https:\/\/www.ifd-frankfurt.de\/2020\/03\/31\/coronavirus-ifd-frankfurt-bietet-weiterhin-beratung-an\/\"},\"author\":{\"name\":\"Antje Bergmann\",\"@id\":\"https:\/\/www.ifd-frankfurt.de\/#\/schema\/person\/73f90caae2a0314d6185fa586c9be111\"},\"headline\":\"Coronavirus \/\/ IFD Frankfurt bietet weiterhin Beratung an\",\"datePublished\":\"2020-03-31T12:50:56+00:00\",\"dateModified\":\"2020-04-28T09:16:39+00:00\",\"mainEntityOfPage\":{\"@id\":\"https:\/\/www.ifd-frankfurt.de\/2020\/03\/31\/coronavirus-ifd-frankfurt-bietet-weiterhin-beratung-an\/\"},\"wordCount\":165,\"publisher\":{\"@id\":\"https:\/\/www.ifd-frankfurt.de\/#organization\"},\"image\":{\"@id\":\"https:\/\/www.ifd-frankfurt.de\/2020\/03\/31\/coronavirus-ifd-frankfurt-bietet-weiterhin-beratung-an\/#primaryimage\"},\"thumbnailUrl\":\"https:\/\/www.ifd-frankfurt.de\/wp-content\/uploads\/2020\/03\/index-1.jpg\",\"articleSection\":[\"Unkategorisiert\"],\"inLanguage\":\"de-LS\"},{\"@type\":\"WebPage\",\"@id\":\"https:\/\/www.ifd-frankfurt.de\/2020\/03\/31\/coronavirus-ifd-frankfurt-bietet-weiterhin-beratung-an\/\",\"url\":\"https:\/\/www.ifd-frankfurt.de\/2020\/03\/31\/coronavirus-ifd-frankfurt-bietet-weiterhin-beratung-an\/\",\"name\":\"Coronavirus \/\/ IFD Frankfurt bietet weiterhin Beratung an - IFD Frankfurt\",\"isPartOf\":{\"@id\":\"https:\/\/www.ifd-frankfurt.de\/#website\"},\"primaryImageOfPage\":{\"@id\":\"https:\/\/www.ifd-frankfurt.de\/2020\/03\/31\/coronavirus-ifd-frankfurt-bietet-weiterhin-beratung-an\/#primaryimage\"},\"image\":{\"@id\":\"https:\/\/www.ifd-frankfurt.de\/2020\/03\/31\/coronavirus-ifd-frankfurt-bietet-weiterhin-beratung-an\/#primaryimage\"},\"thumbnailUrl\":\"https:\/\/www.ifd-frankfurt.de\/wp-content\/uploads\/2020\/03\/index-1.jpg\",\"datePublished\":\"2020-03-31T12:50:56+00:00\",\"dateModified\":\"2020-04-28T09:16:39+00:00\",\"breadcrumb\":{\"@id\":\"https:\/\/www.ifd-frankfurt.de\/2020\/03\/31\/coronavirus-ifd-frankfurt-bietet-weiterhin-beratung-an\/#breadcrumb\"},\"inLanguage\":\"de-LS\",\"potentialAction\":[{\"@type\":\"ReadAction\",\"target\":[\"https:\/\/www.ifd-frankfurt.de\/2020\/03\/31\/coronavirus-ifd-frankfurt-bietet-weiterhin-beratung-an\/\"]}]},{\"@type\":\"ImageObject\",\"inLanguage\":\"de-LS\",\"@id\":\"https:\/\/www.ifd-frankfurt.de\/2020\/03\/31\/coronavirus-ifd-frankfurt-bietet-weiterhin-beratung-an\/#primaryimage\",\"url\":\"https:\/\/www.ifd-frankfurt.de\/wp-content\/uploads\/2020\/03\/index-1.jpg\",\"contentUrl\":\"https:\/\/www.ifd-frankfurt.de\/wp-content\/uploads\/2020\/03\/index-1.jpg\",\"width\":287,\"height\":175},{\"@type\":\"BreadcrumbList\",\"@id\":\"https:\/\/www.ifd-frankfurt.de\/2020\/03\/31\/coronavirus-ifd-frankfurt-bietet-weiterhin-beratung-an\/#breadcrumb\",\"itemListElement\":[{\"@type\":\"ListItem\",\"position\":1,\"name\":\"Startseite\",\"item\":\"https:\/\/www.ifd-frankfurt.de\/de-ls\/\"},{\"@type\":\"ListItem\",\"position\":2,\"name\":\"Coronavirus \/\/ IFD Frankfurt bietet weiterhin Beratung an\"}]},{\"@type\":\"WebSite\",\"@id\":\"https:\/\/www.ifd-frankfurt.de\/#website\",\"url\":\"https:\/\/www.ifd-frankfurt.de\/\",\"name\":\"IFD Frankfurt\",\"description\":\"\",\"publisher\":{\"@id\":\"https:\/\/www.ifd-frankfurt.de\/#organization\"},\"potentialAction\":[{\"@type\":\"SearchAction\",\"target\":{\"@type\":\"EntryPoint\",\"urlTemplate\":\"https:\/\/www.ifd-frankfurt.de\/?s={search_term_string}\"},\"query-input\":{\"@type\":\"PropertyValueSpecification\",\"valueRequired\":true,\"valueName\":\"search_term_string\"}}],\"inLanguage\":\"de-LS\"},{\"@type\":\"Organization\",\"@id\":\"https:\/\/www.ifd-frankfurt.de\/#organization\",\"name\":\"IFD Frankfurt\",\"url\":\"https:\/\/www.ifd-frankfurt.de\/\",\"logo\":{\"@type\":\"ImageObject\",\"inLanguage\":\"de-LS\",\"@id\":\"https:\/\/www.ifd-frankfurt.de\/#\/schema\/logo\/image\/\",\"url\":\"https:\/\/www.ifd-frankfurt.de\/wp-content\/uploads\/2019\/09\/IFD_logo.svg\",\"contentUrl\":\"https:\/\/www.ifd-frankfurt.de\/wp-content\/uploads\/2019\/09\/IFD_logo.svg\",\"width\":164,\"height\":45,\"caption\":\"IFD Frankfurt\"},\"image\":{\"@id\":\"https:\/\/www.ifd-frankfurt.de\/#\/schema\/logo\/image\/\"}},{\"@type\":\"Person\",\"@id\":\"https:\/\/www.ifd-frankfurt.de\/#\/schema\/person\/73f90caae2a0314d6185fa586c9be111\",\"name\":\"Antje Bergmann\",\"image\":{\"@type\":\"ImageObject\",\"inLanguage\":\"de-LS\",\"@id\":\"https:\/\/www.ifd-frankfurt.de\/#\/schema\/person\/image\/\",\"url\":\"https:\/\/secure.gravatar.com\/avatar\/786919dde2cb16a0249def315c0d21c3?s=96&d=mm&r=g\",\"contentUrl\":\"https:\/\/secure.gravatar.com\/avatar\/786919dde2cb16a0249def315c0d21c3?s=96&d=mm&r=g\",\"caption\":\"Antje Bergmann\"},\"sameAs\":[\"http:\/\/www.frankfurter-verein.de\"],\"url\":\"https:\/\/www.ifd-frankfurt.de\/de-ls\/author\/abergmann\/\"}]}<\/script>\n<!-- \/ Yoast SEO plugin. -->","yoast_head_json":{"title":"Coronavirus \/\/ IFD Frankfurt bietet weiterhin Beratung an - IFD Frankfurt","robots":{"index":"index","follow":"follow","max-snippet":"max-snippet:-1","max-image-preview":"max-image-preview:large","max-video-preview":"max-video-preview:-1"},"canonical":"https:\/\/www.ifd-frankfurt.de\/2020\/03\/31\/coronavirus-ifd-frankfurt-bietet-weiterhin-beratung-an\/","og_locale":"de_DE","og_type":"article","og_title":"Coronavirus \/\/ IFD Frankfurt bietet weiterhin Beratung an - IFD Frankfurt","og_description":"Aufgrund der Coronavirus-Pandemie kommt es in vielen Bereichen des allt\u00e4glichen Lebens teilweise zum Stillstand. Dies merken wir vom IFD Frankfurt in unserer t\u00e4glichen Arbeit. Es ist unser Auftrag, aber auch unser Anliegen, weiterhin Beratung f\u00fcr Betroffene und auch f\u00fcr Betriebe anbieten zu k\u00f6nnen. Wir haben unsere Arbeitsweise nun so umgestellt, dass Beratungen f\u00fcr die Zeit [&hellip;]","og_url":"https:\/\/www.ifd-frankfurt.de\/2020\/03\/31\/coronavirus-ifd-frankfurt-bietet-weiterhin-beratung-an\/","og_site_name":"IFD Frankfurt","article_published_time":"2020-03-31T12:50:56+00:00","article_modified_time":"2020-04-28T09:16:39+00:00","og_image":[{"width":287,"height":175,"url":"https:\/\/www.ifd-frankfurt.de\/wp-content\/uploads\/2020\/03\/index-1.jpg","type":"image\/jpeg"}],"author":"Antje Bergmann","twitter_card":"summary_large_image","twitter_misc":{"Written by":"Antje Bergmann","Est. reading time":"1 minute"},"schema":{"@context":"https:\/\/schema.org","@graph":[{"@type":"Article","@id":"https:\/\/www.ifd-frankfurt.de\/2020\/03\/31\/coronavirus-ifd-frankfurt-bietet-weiterhin-beratung-an\/#article","isPartOf":{"@id":"https:\/\/www.ifd-frankfurt.de\/2020\/03\/31\/coronavirus-ifd-frankfurt-bietet-weiterhin-beratung-an\/"},"author":{"name":"Antje Bergmann","@id":"https:\/\/www.ifd-frankfurt.de\/#\/schema\/person\/73f90caae2a0314d6185fa586c9be111"},"headline":"Coronavirus \/\/ IFD Frankfurt bietet weiterhin Beratung an","datePublished":"2020-03-31T12:50:56+00:00","dateModified":"2020-04-28T09:16:39+00:00","mainEntityOfPage":{"@id":"https:\/\/www.ifd-frankfurt.de\/2020\/03\/31\/coronavirus-ifd-frankfurt-bietet-weiterhin-beratung-an\/"},"wordCount":165,"publisher":{"@id":"https:\/\/www.ifd-frankfurt.de\/#organization"},"image":{"@id":"https:\/\/www.ifd-frankfurt.de\/2020\/03\/31\/coronavirus-ifd-frankfurt-bietet-weiterhin-beratung-an\/#primaryimage"},"thumbnailUrl":"https:\/\/www.ifd-frankfurt.de\/wp-content\/uploads\/2020\/03\/index-1.jpg","articleSection":["Unkategorisiert"],"inLanguage":"de-LS"},{"@type":"WebPage","@id":"https:\/\/www.ifd-frankfurt.de\/2020\/03\/31\/coronavirus-ifd-frankfurt-bietet-weiterhin-beratung-an\/","url":"https:\/\/www.ifd-frankfurt.de\/2020\/03\/31\/coronavirus-ifd-frankfurt-bietet-weiterhin-beratung-an\/","name":"Coronavirus \/\/ IFD Frankfurt bietet weiterhin Beratung an - IFD Frankfurt","isPartOf":{"@id":"https:\/\/www.ifd-frankfurt.de\/#website"},"primaryImageOfPage":{"@id":"https:\/\/www.ifd-frankfurt.de\/2020\/03\/31\/coronavirus-ifd-frankfurt-bietet-weiterhin-beratung-an\/#primaryimage"},"image":{"@id":"https:\/\/www.ifd-frankfurt.de\/2020\/03\/31\/coronavirus-ifd-frankfurt-bietet-weiterhin-beratung-an\/#primaryimage"},"thumbnailUrl":"https:\/\/www.ifd-frankfurt.de\/wp-content\/uploads\/2020\/03\/index-1.jpg","datePublished":"2020-03-31T12:50:56+00:00","dateModified":"2020-04-28T09:16:39+00:00","breadcrumb":{"@id":"https:\/\/www.ifd-frankfurt.de\/2020\/03\/31\/coronavirus-ifd-frankfurt-bietet-weiterhin-beratung-an\/#breadcrumb"},"inLanguage":"de-LS","potentialAction":[{"@type":"ReadAction","target":["https:\/\/www.ifd-frankfurt.de\/2020\/03\/31\/coronavirus-ifd-frankfurt-bietet-weiterhin-beratung-an\/"]}]},{"@type":"ImageObject","inLanguage":"de-LS","@id":"https:\/\/www.ifd-frankfurt.de\/2020\/03\/31\/coronavirus-ifd-frankfurt-bietet-weiterhin-beratung-an\/#primaryimage","url":"https:\/\/www.ifd-frankfurt.de\/wp-content\/uploads\/2020\/03\/index-1.jpg","contentUrl":"https:\/\/www.ifd-frankfurt.de\/wp-content\/uploads\/2020\/03\/index-1.jpg","width":287,"height":175},{"@type":"BreadcrumbList","@id":"https:\/\/www.ifd-frankfurt.de\/2020\/03\/31\/coronavirus-ifd-frankfurt-bietet-weiterhin-beratung-an\/#breadcrumb","itemListElement":[{"@type":"ListItem","position":1,"name":"Startseite","item":"https:\/\/www.ifd-frankfurt.de\/de-ls\/"},{"@type":"ListItem","position":2,"name":"Coronavirus \/\/ IFD Frankfurt bietet weiterhin Beratung an"}]},{"@type":"WebSite","@id":"https:\/\/www.ifd-frankfurt.de\/#website","url":"https:\/\/www.ifd-frankfurt.de\/","name":"IFD Frankfurt","description":"","publisher":{"@id":"https:\/\/www.ifd-frankfurt.de\/#organization"},"potentialAction":[{"@type":"SearchAction","target":{"@type":"EntryPoint","urlTemplate":"https:\/\/www.ifd-frankfurt.de\/?s={search_term_string}"},"query-input":{"@type":"PropertyValueSpecification","valueRequired":true,"valueName":"search_term_string"}}],"inLanguage":"de-LS"},{"@type":"Organization","@id":"https:\/\/www.ifd-frankfurt.de\/#organization","name":"IFD Frankfurt","url":"https:\/\/www.ifd-frankfurt.de\/","logo":{"@type":"ImageObject","inLanguage":"de-LS","@id":"https:\/\/www.ifd-frankfurt.de\/#\/schema\/logo\/image\/","url":"https:\/\/www.ifd-frankfurt.de\/wp-content\/uploads\/2019\/09\/IFD_logo.svg","contentUrl":"https:\/\/www.ifd-frankfurt.de\/wp-content\/uploads\/2019\/09\/IFD_logo.svg","width":164,"height":45,"caption":"IFD Frankfurt"},"image":{"@id":"https:\/\/www.ifd-frankfurt.de\/#\/schema\/logo\/image\/"}},{"@type":"Person","@id":"https:\/\/www.ifd-frankfurt.de\/#\/schema\/person\/73f90caae2a0314d6185fa586c9be111","name":"Antje Bergmann","image":{"@type":"ImageObject","inLanguage":"de-LS","@id":"https:\/\/www.ifd-frankfurt.de\/#\/schema\/person\/image\/","url":"https:\/\/secure.gravatar.com\/avatar\/786919dde2cb16a0249def315c0d21c3?s=96&d=mm&r=g","contentUrl":"https:\/\/secure.gravatar.com\/avatar\/786919dde2cb16a0249def315c0d21c3?s=96&d=mm&r=g","caption":"Antje Bergmann"},"sameAs":["http:\/\/www.frankfurter-verein.de"],"url":"https:\/\/www.ifd-frankfurt.de\/de-ls\/author\/abergmann\/"}]}},"_links":{"self":[{"href":"https:\/\/www.ifd-frankfurt.de\/de-ls\/wp-json\/wp\/v2\/posts\/1260","targetHints":{"allow":["GET"]}}],"collection":[{"href":"https:\/\/www.ifd-frankfurt.de\/de-ls\/wp-json\/wp\/v2\/posts"}],"about":[{"href":"https:\/\/www.ifd-frankfurt.de\/de-ls\/wp-json\/wp\/v2\/types\/post"}],"author":[{"embeddable":true,"href":"https:\/\/www.ifd-frankfurt.de\/de-ls\/wp-json\/wp\/v2\/users\/2"}],"replies":[{"embeddable":true,"href":"https:\/\/www.ifd-frankfurt.de\/de-ls\/wp-json\/wp\/v2\/comments?post=1260"}],"version-history":[{"count":3,"href":"https:\/\/www.ifd-frankfurt.de\/de-ls\/wp-json\/wp\/v2\/posts\/1260\/revisions"}],"predecessor-version":[{"id":1272,"href":"https:\/\/www.ifd-frankfurt.de\/de-ls\/wp-json\/wp\/v2\/posts\/1260\/revisions\/1272"}],"wp:featuredmedia":[{"embeddable":true,"href":"https:\/\/www.ifd-frankfurt.de\/de-ls\/wp-json\/wp\/v2\/media\/1263"}],"wp:attachment":[{"href":"https:\/\/www.ifd-frankfurt.de\/de-ls\/wp-json\/wp\/v2\/media?parent=1260"}],"wp:term":[{"taxonomy":"category","embeddable":true,"href":"https:\/\/www.ifd-frankfurt.de\/de-ls\/wp-json\/wp\/v2\/categories?post=1260"},{"taxonomy":"post_tag","embeddable":true,"href":"https:\/\/www.ifd-frankfurt.de\/de-ls\/wp-json\/wp\/v2\/tags?post=1260"}],"curies":[{"name":"wp","href":"https:\/\/api.w.org\/{rel}","templated":true}]}}