{"id":1694,"date":"2022-09-07T08:43:57","date_gmt":"2022-09-07T06:43:57","guid":{"rendered":"https:\/\/www.ifd-frankfurt.de\/?p=1694"},"modified":"2022-09-07T08:44:00","modified_gmt":"2022-09-07T06:44:00","slug":"personal-fachkraefte-diversity-online-praxisworkshop-inklusion-im-job","status":"publish","type":"post","link":"https:\/\/www.ifd-frankfurt.de\/de-gs\/2022\/09\/07\/personal-fachkraefte-diversity-online-praxisworkshop-inklusion-im-job\/","title":{"rendered":"Personal.Fachkr\u00e4fte.Diversity. \u2013 Online Praxisworkshop: Inklusion im Job"},"content":{"rendered":"\n<p>Wie k\u00f6nnen Unternehmen Menschen mit Behinderung f\u00fcr sich<br>gewinnen? Was sind die Vorteile, was hilft dabei? Was ist<br>hilfreich f\u00fcr produktive Arbeit und gute Zusammenarbeit?<br>Diese und weitere Fragen werden mit Betroffenen diskutiert, die<br>aus ihrem Arbeitsalltag mit Autismus, Multipler Sklerose, Seh-<br>oder H\u00f6rbehinderung berichten, Unternehmen, die bereits<br>Erfahrung in der Zusammenarbeit mit Menschen mit<br>Behinderung gemacht haben, und IHNEN!<\/p>\n\n\n\n<p>Zur Anmeldung geht&#8217;s hier: <a href=\"https:\/\/events.frankfurt-main.ihk.de\/PFD260922\" target=\"_blank\" rel=\"noreferrer noopener\">https:\/\/events.frankfurt-main.ihk.de\/PFD260922<\/a><\/p>\n","protected":false},"excerpt":{"rendered":"<p>Wie k\u00f6nnen Unternehmen Menschen mit Behinderung f\u00fcr sichgewinnen? Was sind die Vorteile, was hilft dabei? Was isthilfreich f\u00fcr produktive Arbeit und gute Zusammenarbeit?Diese und weitere Fragen werden mit Betroffenen diskutiert, dieaus ihrem Arbeitsalltag mit Autismus, Multipler Sklerose, Seh-oder H\u00f6rbehinderung berichten, Unternehmen, die bereitsErfahrung in der Zusammenarbeit mit Menschen mitBehinderung gemacht haben, und IHNEN! Zur Anmeldung [&hellip;]<\/p>\n","protected":false},"author":2,"featured_media":1695,"comment_status":"closed","ping_status":"closed","sticky":false,"template":"","format":"standard","meta":{"_acf_changed":false,"footnotes":""},"categories":[1],"tags":[],"class_list":["post-1694","post","type-post","status-publish","format-standard","has-post-thumbnail","hentry","category-unkategorisiert"],"acf":[],"yoast_head":"<!-- This site is optimized with the Yoast SEO plugin v24.6 - https:\/\/yoast.com\/wordpress\/plugins\/seo\/ -->\n<title>Personal.Fachkr\u00e4fte.Diversity. \u2013 Online Praxisworkshop: Inklusion im Job - IFD Frankfurt<\/title>\n<meta name=\"robots\" content=\"index, follow, max-snippet:-1, max-image-preview:large, max-video-preview:-1\" \/>\n<link rel=\"canonical\" href=\"https:\/\/www.ifd-frankfurt.de\/2022\/09\/07\/personal-fachkraefte-diversity-online-praxisworkshop-inklusion-im-job\/\" \/>\n<meta property=\"og:locale\" content=\"de_DE\" \/>\n<meta property=\"og:type\" content=\"article\" \/>\n<meta property=\"og:title\" content=\"Personal.Fachkr\u00e4fte.Diversity. \u2013 Online Praxisworkshop: Inklusion im Job - IFD Frankfurt\" \/>\n<meta property=\"og:description\" content=\"Wie k\u00f6nnen Unternehmen Menschen mit Behinderung f\u00fcr sichgewinnen? Was sind die Vorteile, was hilft dabei? Was isthilfreich f\u00fcr produktive Arbeit und gute Zusammenarbeit?Diese und weitere Fragen werden mit Betroffenen diskutiert, dieaus ihrem Arbeitsalltag mit Autismus, Multipler Sklerose, Seh-oder H\u00f6rbehinderung berichten, Unternehmen, die bereitsErfahrung in der Zusammenarbeit mit Menschen mitBehinderung gemacht haben, und IHNEN! Zur Anmeldung [&hellip;]\" \/>\n<meta property=\"og:url\" content=\"https:\/\/www.ifd-frankfurt.de\/2022\/09\/07\/personal-fachkraefte-diversity-online-praxisworkshop-inklusion-im-job\/\" \/>\n<meta property=\"og:site_name\" content=\"IFD Frankfurt\" \/>\n<meta property=\"article:published_time\" content=\"2022-09-07T06:43:57+00:00\" \/>\n<meta property=\"article:modified_time\" content=\"2022-09-07T06:44:00+00:00\" \/>\n<meta property=\"og:image\" content=\"https:\/\/www.ifd-frankfurt.de\/wp-content\/uploads\/2022\/09\/personalforum.jpg\" \/>\n\t<meta property=\"og:image:width\" content=\"643\" \/>\n\t<meta property=\"og:image:height\" content=\"359\" \/>\n\t<meta property=\"og:image:type\" content=\"image\/jpeg\" \/>\n<meta name=\"author\" content=\"Antje Bergmann\" \/>\n<meta name=\"twitter:card\" content=\"summary_large_image\" \/>\n<meta name=\"twitter:label1\" content=\"Written by\" \/>\n\t<meta name=\"twitter:data1\" content=\"Antje Bergmann\" \/>\n<script type=\"application\/ld+json\" class=\"yoast-schema-graph\">{\"@context\":\"https:\/\/schema.org\",\"@graph\":[{\"@type\":\"Article\",\"@id\":\"https:\/\/www.ifd-frankfurt.de\/2022\/09\/07\/personal-fachkraefte-diversity-online-praxisworkshop-inklusion-im-job\/#article\",\"isPartOf\":{\"@id\":\"https:\/\/www.ifd-frankfurt.de\/2022\/09\/07\/personal-fachkraefte-diversity-online-praxisworkshop-inklusion-im-job\/\"},\"author\":{\"name\":\"Antje Bergmann\",\"@id\":\"https:\/\/www.ifd-frankfurt.de\/#\/schema\/person\/73f90caae2a0314d6185fa586c9be111\"},\"headline\":\"Personal.Fachkr\u00e4fte.Diversity. \u2013 Online Praxisworkshop: Inklusion im Job\",\"datePublished\":\"2022-09-07T06:43:57+00:00\",\"dateModified\":\"2022-09-07T06:44:00+00:00\",\"mainEntityOfPage\":{\"@id\":\"https:\/\/www.ifd-frankfurt.de\/2022\/09\/07\/personal-fachkraefte-diversity-online-praxisworkshop-inklusion-im-job\/\"},\"wordCount\":78,\"publisher\":{\"@id\":\"https:\/\/www.ifd-frankfurt.de\/#organization\"},\"image\":{\"@id\":\"https:\/\/www.ifd-frankfurt.de\/2022\/09\/07\/personal-fachkraefte-diversity-online-praxisworkshop-inklusion-im-job\/#primaryimage\"},\"thumbnailUrl\":\"https:\/\/www.ifd-frankfurt.de\/wp-content\/uploads\/2022\/09\/personalforum.jpg\",\"articleSection\":[\"Unkategorisiert\"],\"inLanguage\":\"de-GS\"},{\"@type\":\"WebPage\",\"@id\":\"https:\/\/www.ifd-frankfurt.de\/2022\/09\/07\/personal-fachkraefte-diversity-online-praxisworkshop-inklusion-im-job\/\",\"url\":\"https:\/\/www.ifd-frankfurt.de\/2022\/09\/07\/personal-fachkraefte-diversity-online-praxisworkshop-inklusion-im-job\/\",\"name\":\"Personal.Fachkr\u00e4fte.Diversity. \u2013 Online Praxisworkshop: Inklusion im Job - IFD Frankfurt\",\"isPartOf\":{\"@id\":\"https:\/\/www.ifd-frankfurt.de\/#website\"},\"primaryImageOfPage\":{\"@id\":\"https:\/\/www.ifd-frankfurt.de\/2022\/09\/07\/personal-fachkraefte-diversity-online-praxisworkshop-inklusion-im-job\/#primaryimage\"},\"image\":{\"@id\":\"https:\/\/www.ifd-frankfurt.de\/2022\/09\/07\/personal-fachkraefte-diversity-online-praxisworkshop-inklusion-im-job\/#primaryimage\"},\"thumbnailUrl\":\"https:\/\/www.ifd-frankfurt.de\/wp-content\/uploads\/2022\/09\/personalforum.jpg\",\"datePublished\":\"2022-09-07T06:43:57+00:00\",\"dateModified\":\"2022-09-07T06:44:00+00:00\",\"breadcrumb\":{\"@id\":\"https:\/\/www.ifd-frankfurt.de\/2022\/09\/07\/personal-fachkraefte-diversity-online-praxisworkshop-inklusion-im-job\/#breadcrumb\"},\"inLanguage\":\"de-GS\",\"potentialAction\":[{\"@type\":\"ReadAction\",\"target\":[\"https:\/\/www.ifd-frankfurt.de\/2022\/09\/07\/personal-fachkraefte-diversity-online-praxisworkshop-inklusion-im-job\/\"]}]},{\"@type\":\"ImageObject\",\"inLanguage\":\"de-GS\",\"@id\":\"https:\/\/www.ifd-frankfurt.de\/2022\/09\/07\/personal-fachkraefte-diversity-online-praxisworkshop-inklusion-im-job\/#primaryimage\",\"url\":\"https:\/\/www.ifd-frankfurt.de\/wp-content\/uploads\/2022\/09\/personalforum.jpg\",\"contentUrl\":\"https:\/\/www.ifd-frankfurt.de\/wp-content\/uploads\/2022\/09\/personalforum.jpg\",\"width\":643,\"height\":359},{\"@type\":\"BreadcrumbList\",\"@id\":\"https:\/\/www.ifd-frankfurt.de\/2022\/09\/07\/personal-fachkraefte-diversity-online-praxisworkshop-inklusion-im-job\/#breadcrumb\",\"itemListElement\":[{\"@type\":\"ListItem\",\"position\":1,\"name\":\"Startseite\",\"item\":\"https:\/\/www.ifd-frankfurt.de\/de-gs\/\"},{\"@type\":\"ListItem\",\"position\":2,\"name\":\"Personal.Fachkr\u00e4fte.Diversity. \u2013 Online Praxisworkshop: Inklusion im Job\"}]},{\"@type\":\"WebSite\",\"@id\":\"https:\/\/www.ifd-frankfurt.de\/#website\",\"url\":\"https:\/\/www.ifd-frankfurt.de\/\",\"name\":\"IFD Frankfurt\",\"description\":\"\",\"publisher\":{\"@id\":\"https:\/\/www.ifd-frankfurt.de\/#organization\"},\"potentialAction\":[{\"@type\":\"SearchAction\",\"target\":{\"@type\":\"EntryPoint\",\"urlTemplate\":\"https:\/\/www.ifd-frankfurt.de\/?s={search_term_string}\"},\"query-input\":{\"@type\":\"PropertyValueSpecification\",\"valueRequired\":true,\"valueName\":\"search_term_string\"}}],\"inLanguage\":\"de-GS\"},{\"@type\":\"Organization\",\"@id\":\"https:\/\/www.ifd-frankfurt.de\/#organization\",\"name\":\"IFD Frankfurt\",\"url\":\"https:\/\/www.ifd-frankfurt.de\/\",\"logo\":{\"@type\":\"ImageObject\",\"inLanguage\":\"de-GS\",\"@id\":\"https:\/\/www.ifd-frankfurt.de\/#\/schema\/logo\/image\/\",\"url\":\"https:\/\/www.ifd-frankfurt.de\/wp-content\/uploads\/2019\/09\/IFD_logo.svg\",\"contentUrl\":\"https:\/\/www.ifd-frankfurt.de\/wp-content\/uploads\/2019\/09\/IFD_logo.svg\",\"width\":164,\"height\":45,\"caption\":\"IFD Frankfurt\"},\"image\":{\"@id\":\"https:\/\/www.ifd-frankfurt.de\/#\/schema\/logo\/image\/\"}},{\"@type\":\"Person\",\"@id\":\"https:\/\/www.ifd-frankfurt.de\/#\/schema\/person\/73f90caae2a0314d6185fa586c9be111\",\"name\":\"Antje Bergmann\",\"image\":{\"@type\":\"ImageObject\",\"inLanguage\":\"de-GS\",\"@id\":\"https:\/\/www.ifd-frankfurt.de\/#\/schema\/person\/image\/\",\"url\":\"https:\/\/secure.gravatar.com\/avatar\/786919dde2cb16a0249def315c0d21c3?s=96&d=mm&r=g\",\"contentUrl\":\"https:\/\/secure.gravatar.com\/avatar\/786919dde2cb16a0249def315c0d21c3?s=96&d=mm&r=g\",\"caption\":\"Antje Bergmann\"},\"sameAs\":[\"http:\/\/www.frankfurter-verein.de\"],\"url\":\"https:\/\/www.ifd-frankfurt.de\/de-gs\/author\/abergmann\/\"}]}<\/script>\n<!-- \/ Yoast SEO plugin. -->","yoast_head_json":{"title":"Personal.Fachkr\u00e4fte.Diversity. \u2013 Online Praxisworkshop: Inklusion im Job - IFD Frankfurt","robots":{"index":"index","follow":"follow","max-snippet":"max-snippet:-1","max-image-preview":"max-image-preview:large","max-video-preview":"max-video-preview:-1"},"canonical":"https:\/\/www.ifd-frankfurt.de\/2022\/09\/07\/personal-fachkraefte-diversity-online-praxisworkshop-inklusion-im-job\/","og_locale":"de_DE","og_type":"article","og_title":"Personal.Fachkr\u00e4fte.Diversity. \u2013 Online Praxisworkshop: Inklusion im Job - IFD Frankfurt","og_description":"Wie k\u00f6nnen Unternehmen Menschen mit Behinderung f\u00fcr sichgewinnen? Was sind die Vorteile, was hilft dabei? Was isthilfreich f\u00fcr produktive Arbeit und gute Zusammenarbeit?Diese und weitere Fragen werden mit Betroffenen diskutiert, dieaus ihrem Arbeitsalltag mit Autismus, Multipler Sklerose, Seh-oder H\u00f6rbehinderung berichten, Unternehmen, die bereitsErfahrung in der Zusammenarbeit mit Menschen mitBehinderung gemacht haben, und IHNEN! Zur Anmeldung [&hellip;]","og_url":"https:\/\/www.ifd-frankfurt.de\/2022\/09\/07\/personal-fachkraefte-diversity-online-praxisworkshop-inklusion-im-job\/","og_site_name":"IFD Frankfurt","article_published_time":"2022-09-07T06:43:57+00:00","article_modified_time":"2022-09-07T06:44:00+00:00","og_image":[{"width":643,"height":359,"url":"https:\/\/www.ifd-frankfurt.de\/wp-content\/uploads\/2022\/09\/personalforum.jpg","type":"image\/jpeg"}],"author":"Antje Bergmann","twitter_card":"summary_large_image","twitter_misc":{"Written by":"Antje Bergmann"},"schema":{"@context":"https:\/\/schema.org","@graph":[{"@type":"Article","@id":"https:\/\/www.ifd-frankfurt.de\/2022\/09\/07\/personal-fachkraefte-diversity-online-praxisworkshop-inklusion-im-job\/#article","isPartOf":{"@id":"https:\/\/www.ifd-frankfurt.de\/2022\/09\/07\/personal-fachkraefte-diversity-online-praxisworkshop-inklusion-im-job\/"},"author":{"name":"Antje Bergmann","@id":"https:\/\/www.ifd-frankfurt.de\/#\/schema\/person\/73f90caae2a0314d6185fa586c9be111"},"headline":"Personal.Fachkr\u00e4fte.Diversity. \u2013 Online Praxisworkshop: Inklusion im Job","datePublished":"2022-09-07T06:43:57+00:00","dateModified":"2022-09-07T06:44:00+00:00","mainEntityOfPage":{"@id":"https:\/\/www.ifd-frankfurt.de\/2022\/09\/07\/personal-fachkraefte-diversity-online-praxisworkshop-inklusion-im-job\/"},"wordCount":78,"publisher":{"@id":"https:\/\/www.ifd-frankfurt.de\/#organization"},"image":{"@id":"https:\/\/www.ifd-frankfurt.de\/2022\/09\/07\/personal-fachkraefte-diversity-online-praxisworkshop-inklusion-im-job\/#primaryimage"},"thumbnailUrl":"https:\/\/www.ifd-frankfurt.de\/wp-content\/uploads\/2022\/09\/personalforum.jpg","articleSection":["Unkategorisiert"],"inLanguage":"de-GS"},{"@type":"WebPage","@id":"https:\/\/www.ifd-frankfurt.de\/2022\/09\/07\/personal-fachkraefte-diversity-online-praxisworkshop-inklusion-im-job\/","url":"https:\/\/www.ifd-frankfurt.de\/2022\/09\/07\/personal-fachkraefte-diversity-online-praxisworkshop-inklusion-im-job\/","name":"Personal.Fachkr\u00e4fte.Diversity. \u2013 Online Praxisworkshop: Inklusion im Job - IFD Frankfurt","isPartOf":{"@id":"https:\/\/www.ifd-frankfurt.de\/#website"},"primaryImageOfPage":{"@id":"https:\/\/www.ifd-frankfurt.de\/2022\/09\/07\/personal-fachkraefte-diversity-online-praxisworkshop-inklusion-im-job\/#primaryimage"},"image":{"@id":"https:\/\/www.ifd-frankfurt.de\/2022\/09\/07\/personal-fachkraefte-diversity-online-praxisworkshop-inklusion-im-job\/#primaryimage"},"thumbnailUrl":"https:\/\/www.ifd-frankfurt.de\/wp-content\/uploads\/2022\/09\/personalforum.jpg","datePublished":"2022-09-07T06:43:57+00:00","dateModified":"2022-09-07T06:44:00+00:00","breadcrumb":{"@id":"https:\/\/www.ifd-frankfurt.de\/2022\/09\/07\/personal-fachkraefte-diversity-online-praxisworkshop-inklusion-im-job\/#breadcrumb"},"inLanguage":"de-GS","potentialAction":[{"@type":"ReadAction","target":["https:\/\/www.ifd-frankfurt.de\/2022\/09\/07\/personal-fachkraefte-diversity-online-praxisworkshop-inklusion-im-job\/"]}]},{"@type":"ImageObject","inLanguage":"de-GS","@id":"https:\/\/www.ifd-frankfurt.de\/2022\/09\/07\/personal-fachkraefte-diversity-online-praxisworkshop-inklusion-im-job\/#primaryimage","url":"https:\/\/www.ifd-frankfurt.de\/wp-content\/uploads\/2022\/09\/personalforum.jpg","contentUrl":"https:\/\/www.ifd-frankfurt.de\/wp-content\/uploads\/2022\/09\/personalforum.jpg","width":643,"height":359},{"@type":"BreadcrumbList","@id":"https:\/\/www.ifd-frankfurt.de\/2022\/09\/07\/personal-fachkraefte-diversity-online-praxisworkshop-inklusion-im-job\/#breadcrumb","itemListElement":[{"@type":"ListItem","position":1,"name":"Startseite","item":"https:\/\/www.ifd-frankfurt.de\/de-gs\/"},{"@type":"ListItem","position":2,"name":"Personal.Fachkr\u00e4fte.Diversity. \u2013 Online Praxisworkshop: Inklusion im Job"}]},{"@type":"WebSite","@id":"https:\/\/www.ifd-frankfurt.de\/#website","url":"https:\/\/www.ifd-frankfurt.de\/","name":"IFD Frankfurt","description":"","publisher":{"@id":"https:\/\/www.ifd-frankfurt.de\/#organization"},"potentialAction":[{"@type":"SearchAction","target":{"@type":"EntryPoint","urlTemplate":"https:\/\/www.ifd-frankfurt.de\/?s={search_term_string}"},"query-input":{"@type":"PropertyValueSpecification","valueRequired":true,"valueName":"search_term_string"}}],"inLanguage":"de-GS"},{"@type":"Organization","@id":"https:\/\/www.ifd-frankfurt.de\/#organization","name":"IFD Frankfurt","url":"https:\/\/www.ifd-frankfurt.de\/","logo":{"@type":"ImageObject","inLanguage":"de-GS","@id":"https:\/\/www.ifd-frankfurt.de\/#\/schema\/logo\/image\/","url":"https:\/\/www.ifd-frankfurt.de\/wp-content\/uploads\/2019\/09\/IFD_logo.svg","contentUrl":"https:\/\/www.ifd-frankfurt.de\/wp-content\/uploads\/2019\/09\/IFD_logo.svg","width":164,"height":45,"caption":"IFD Frankfurt"},"image":{"@id":"https:\/\/www.ifd-frankfurt.de\/#\/schema\/logo\/image\/"}},{"@type":"Person","@id":"https:\/\/www.ifd-frankfurt.de\/#\/schema\/person\/73f90caae2a0314d6185fa586c9be111","name":"Antje Bergmann","image":{"@type":"ImageObject","inLanguage":"de-GS","@id":"https:\/\/www.ifd-frankfurt.de\/#\/schema\/person\/image\/","url":"https:\/\/secure.gravatar.com\/avatar\/786919dde2cb16a0249def315c0d21c3?s=96&d=mm&r=g","contentUrl":"https:\/\/secure.gravatar.com\/avatar\/786919dde2cb16a0249def315c0d21c3?s=96&d=mm&r=g","caption":"Antje Bergmann"},"sameAs":["http:\/\/www.frankfurter-verein.de"],"url":"https:\/\/www.ifd-frankfurt.de\/de-gs\/author\/abergmann\/"}]}},"_links":{"self":[{"href":"https:\/\/www.ifd-frankfurt.de\/de-gs\/wp-json\/wp\/v2\/posts\/1694","targetHints":{"allow":["GET"]}}],"collection":[{"href":"https:\/\/www.ifd-frankfurt.de\/de-gs\/wp-json\/wp\/v2\/posts"}],"about":[{"href":"https:\/\/www.ifd-frankfurt.de\/de-gs\/wp-json\/wp\/v2\/types\/post"}],"author":[{"embeddable":true,"href":"https:\/\/www.ifd-frankfurt.de\/de-gs\/wp-json\/wp\/v2\/users\/2"}],"replies":[{"embeddable":true,"href":"https:\/\/www.ifd-frankfurt.de\/de-gs\/wp-json\/wp\/v2\/comments?post=1694"}],"version-history":[{"count":1,"href":"https:\/\/www.ifd-frankfurt.de\/de-gs\/wp-json\/wp\/v2\/posts\/1694\/revisions"}],"predecessor-version":[{"id":1698,"href":"https:\/\/www.ifd-frankfurt.de\/de-gs\/wp-json\/wp\/v2\/posts\/1694\/revisions\/1698"}],"wp:featuredmedia":[{"embeddable":true,"href":"https:\/\/www.ifd-frankfurt.de\/de-gs\/wp-json\/wp\/v2\/media\/1695"}],"wp:attachment":[{"href":"https:\/\/www.ifd-frankfurt.de\/de-gs\/wp-json\/wp\/v2\/media?parent=1694"}],"wp:term":[{"taxonomy":"category","embeddable":true,"href":"https:\/\/www.ifd-frankfurt.de\/de-gs\/wp-json\/wp\/v2\/categories?post=1694"},{"taxonomy":"post_tag","embeddable":true,"href":"https:\/\/www.ifd-frankfurt.de\/de-gs\/wp-json\/wp\/v2\/tags?post=1694"}],"curies":[{"name":"wp","href":"https:\/\/api.w.org\/{rel}","templated":true}]}}