{"id":1266,"date":"2020-04-09T10:15:56","date_gmt":"2020-04-09T08:15:56","guid":{"rendered":"https:\/\/www.ifd-frankfurt.de\/?p=1266"},"modified":"2020-04-09T10:15:56","modified_gmt":"2020-04-09T08:15:56","slug":"corona-krisentelefone-helfen-bei-sorgen-und-noten","status":"publish","type":"post","link":"https:\/\/www.ifd-frankfurt.de\/de-gs\/2020\/04\/09\/corona-krisentelefone-helfen-bei-sorgen-und-noten\/","title":{"rendered":"Corona-Krisentelefone helfen bei Sorgen und N\u00f6ten"},"content":{"rendered":"\n<p><strong>F\u00fcr viele ist die Corona-Zeit eine psychische Belastung. Die  Universit\u00e4ten Kassel und Frankfurt haben daf\u00fcr Krisentelefone ins Leben  gerufen. Der Gespr\u00e4chsbedarf ist gro\u00df. <\/strong> <\/p>\n\n\n\n<h3 class=\"wp-block-heading\">Corona-Krisentelefone:<\/h3>\n\n\n\n<p>Corona Krisentelefon des <a rel=\"noreferrer noopener\" target=\"_blank\" href=\"https:\/\/www.psychologie.uni-frankfurt.de\/86817645\/Corona_Krisentelefon?legacy_request=1\">Zentrums f\u00fcr Psychotherapie der Goethe-Universit\u00e4t<\/a> Frankfurt: <br><strong>069-798 4 66 66<\/strong><br>F\u00fcr Erwachsene: Mo-Fr von 15-21 Uhr, Sa und So 16-20 Uhr<br>F\u00fcr Kinder, Jugendliche, Eltern: Mo-Fr 9-15 Uhr, Sa 16-20 Uhr <br><br>Evangelische Telefon-Seelsorge der Diakonie Frankfurt und Offenbach:<br><strong>0800 1110111<br><\/strong>24 Stunden am Tag<\/p>\n\n\n\n<p>Weitere Informationen sind folgendem Link zu entnehmen: <a href=\"https:\/\/www.hessenschau.de\/gesellschaft\/einsamkeit-aengste-ueberforderung-corona-krisentelefone-helfen-bei-sorgen-und-noeten,corona-telefon-seelsorge-100.html\" target=\"_blank\" rel=\"noreferrer noopener\" aria-label=\"https:\/\/www.hessenschau.de\/gesellschaft\/einsamkeit-aengste-ueberforderung-corona-krisentelefone-helfen-bei-sorgen-und-noeten,corona-telefon-seelsorge-100.html  (opens in a new tab)\">https:\/\/www.hessenschau.de\/gesellschaft\/einsamkeit-aengste-ueberforderung-corona-krisentelefone-helfen-bei-sorgen-und-noeten,corona-telefon-seelsorge-100.html <\/a><\/p>\n","protected":false},"excerpt":{"rendered":"<p>F\u00fcr viele ist die Corona-Zeit eine psychische Belastung. Die Universit\u00e4ten Kassel und Frankfurt haben daf\u00fcr Krisentelefone ins Leben gerufen. Der Gespr\u00e4chsbedarf ist gro\u00df. Corona-Krisentelefone: Corona Krisentelefon des Zentrums f\u00fcr Psychotherapie der Goethe-Universit\u00e4t Frankfurt: 069-798 4 66 66F\u00fcr Erwachsene: Mo-Fr von 15-21 Uhr, Sa und So 16-20 UhrF\u00fcr Kinder, Jugendliche, Eltern: Mo-Fr 9-15 Uhr, Sa 16-20 [&hellip;]<\/p>\n","protected":false},"author":2,"featured_media":1267,"comment_status":"closed","ping_status":"closed","sticky":false,"template":"","format":"standard","meta":{"_acf_changed":false,"footnotes":""},"categories":[1],"tags":[],"class_list":["post-1266","post","type-post","status-publish","format-standard","has-post-thumbnail","hentry","category-unkategorisiert"],"acf":[],"yoast_head":"<!-- This site is optimized with the Yoast SEO plugin v24.6 - https:\/\/yoast.com\/wordpress\/plugins\/seo\/ -->\n<title>Corona-Krisentelefone helfen bei Sorgen und N\u00f6ten - IFD Frankfurt<\/title>\n<meta name=\"robots\" content=\"index, follow, max-snippet:-1, max-image-preview:large, max-video-preview:-1\" \/>\n<link rel=\"canonical\" href=\"https:\/\/www.ifd-frankfurt.de\/2020\/04\/09\/corona-krisentelefone-helfen-bei-sorgen-und-noten\/\" \/>\n<meta property=\"og:locale\" content=\"de_DE\" \/>\n<meta property=\"og:type\" content=\"article\" \/>\n<meta property=\"og:title\" content=\"Corona-Krisentelefone helfen bei Sorgen und N\u00f6ten - IFD Frankfurt\" \/>\n<meta property=\"og:description\" content=\"F\u00fcr viele ist die Corona-Zeit eine psychische Belastung. Die Universit\u00e4ten Kassel und Frankfurt haben daf\u00fcr Krisentelefone ins Leben gerufen. Der Gespr\u00e4chsbedarf ist gro\u00df. Corona-Krisentelefone: Corona Krisentelefon des Zentrums f\u00fcr Psychotherapie der Goethe-Universit\u00e4t Frankfurt: 069-798 4 66 66F\u00fcr Erwachsene: Mo-Fr von 15-21 Uhr, Sa und So 16-20 UhrF\u00fcr Kinder, Jugendliche, Eltern: Mo-Fr 9-15 Uhr, Sa 16-20 [&hellip;]\" \/>\n<meta property=\"og:url\" content=\"https:\/\/www.ifd-frankfurt.de\/2020\/04\/09\/corona-krisentelefone-helfen-bei-sorgen-und-noten\/\" \/>\n<meta property=\"og:site_name\" content=\"IFD Frankfurt\" \/>\n<meta property=\"article:published_time\" content=\"2020-04-09T08:15:56+00:00\" \/>\n<meta property=\"og:image\" content=\"https:\/\/www.ifd-frankfurt.de\/wp-content\/uploads\/2020\/04\/index.jpg\" \/>\n\t<meta property=\"og:image:width\" content=\"300\" \/>\n\t<meta property=\"og:image:height\" content=\"168\" \/>\n\t<meta property=\"og:image:type\" content=\"image\/jpeg\" \/>\n<meta name=\"author\" content=\"Antje Bergmann\" \/>\n<meta name=\"twitter:card\" content=\"summary_large_image\" \/>\n<meta name=\"twitter:label1\" content=\"Written by\" \/>\n\t<meta name=\"twitter:data1\" content=\"Antje Bergmann\" \/>\n<script type=\"application\/ld+json\" class=\"yoast-schema-graph\">{\"@context\":\"https:\/\/schema.org\",\"@graph\":[{\"@type\":\"Article\",\"@id\":\"https:\/\/www.ifd-frankfurt.de\/2020\/04\/09\/corona-krisentelefone-helfen-bei-sorgen-und-noten\/#article\",\"isPartOf\":{\"@id\":\"https:\/\/www.ifd-frankfurt.de\/2020\/04\/09\/corona-krisentelefone-helfen-bei-sorgen-und-noten\/\"},\"author\":{\"name\":\"Antje Bergmann\",\"@id\":\"https:\/\/www.ifd-frankfurt.de\/#\/schema\/person\/73f90caae2a0314d6185fa586c9be111\"},\"headline\":\"Corona-Krisentelefone helfen bei Sorgen und N\u00f6ten\",\"datePublished\":\"2020-04-09T08:15:56+00:00\",\"mainEntityOfPage\":{\"@id\":\"https:\/\/www.ifd-frankfurt.de\/2020\/04\/09\/corona-krisentelefone-helfen-bei-sorgen-und-noten\/\"},\"wordCount\":94,\"publisher\":{\"@id\":\"https:\/\/www.ifd-frankfurt.de\/#organization\"},\"image\":{\"@id\":\"https:\/\/www.ifd-frankfurt.de\/2020\/04\/09\/corona-krisentelefone-helfen-bei-sorgen-und-noten\/#primaryimage\"},\"thumbnailUrl\":\"https:\/\/www.ifd-frankfurt.de\/wp-content\/uploads\/2020\/04\/index.jpg\",\"articleSection\":[\"Unkategorisiert\"],\"inLanguage\":\"de-GS\"},{\"@type\":\"WebPage\",\"@id\":\"https:\/\/www.ifd-frankfurt.de\/2020\/04\/09\/corona-krisentelefone-helfen-bei-sorgen-und-noten\/\",\"url\":\"https:\/\/www.ifd-frankfurt.de\/2020\/04\/09\/corona-krisentelefone-helfen-bei-sorgen-und-noten\/\",\"name\":\"Corona-Krisentelefone helfen bei Sorgen und N\u00f6ten - IFD Frankfurt\",\"isPartOf\":{\"@id\":\"https:\/\/www.ifd-frankfurt.de\/#website\"},\"primaryImageOfPage\":{\"@id\":\"https:\/\/www.ifd-frankfurt.de\/2020\/04\/09\/corona-krisentelefone-helfen-bei-sorgen-und-noten\/#primaryimage\"},\"image\":{\"@id\":\"https:\/\/www.ifd-frankfurt.de\/2020\/04\/09\/corona-krisentelefone-helfen-bei-sorgen-und-noten\/#primaryimage\"},\"thumbnailUrl\":\"https:\/\/www.ifd-frankfurt.de\/wp-content\/uploads\/2020\/04\/index.jpg\",\"datePublished\":\"2020-04-09T08:15:56+00:00\",\"breadcrumb\":{\"@id\":\"https:\/\/www.ifd-frankfurt.de\/2020\/04\/09\/corona-krisentelefone-helfen-bei-sorgen-und-noten\/#breadcrumb\"},\"inLanguage\":\"de-GS\",\"potentialAction\":[{\"@type\":\"ReadAction\",\"target\":[\"https:\/\/www.ifd-frankfurt.de\/2020\/04\/09\/corona-krisentelefone-helfen-bei-sorgen-und-noten\/\"]}]},{\"@type\":\"ImageObject\",\"inLanguage\":\"de-GS\",\"@id\":\"https:\/\/www.ifd-frankfurt.de\/2020\/04\/09\/corona-krisentelefone-helfen-bei-sorgen-und-noten\/#primaryimage\",\"url\":\"https:\/\/www.ifd-frankfurt.de\/wp-content\/uploads\/2020\/04\/index.jpg\",\"contentUrl\":\"https:\/\/www.ifd-frankfurt.de\/wp-content\/uploads\/2020\/04\/index.jpg\",\"width\":300,\"height\":168},{\"@type\":\"BreadcrumbList\",\"@id\":\"https:\/\/www.ifd-frankfurt.de\/2020\/04\/09\/corona-krisentelefone-helfen-bei-sorgen-und-noten\/#breadcrumb\",\"itemListElement\":[{\"@type\":\"ListItem\",\"position\":1,\"name\":\"Startseite\",\"item\":\"https:\/\/www.ifd-frankfurt.de\/de-gs\/\"},{\"@type\":\"ListItem\",\"position\":2,\"name\":\"Corona-Krisentelefone helfen bei Sorgen und N\u00f6ten\"}]},{\"@type\":\"WebSite\",\"@id\":\"https:\/\/www.ifd-frankfurt.de\/#website\",\"url\":\"https:\/\/www.ifd-frankfurt.de\/\",\"name\":\"IFD Frankfurt\",\"description\":\"\",\"publisher\":{\"@id\":\"https:\/\/www.ifd-frankfurt.de\/#organization\"},\"potentialAction\":[{\"@type\":\"SearchAction\",\"target\":{\"@type\":\"EntryPoint\",\"urlTemplate\":\"https:\/\/www.ifd-frankfurt.de\/?s={search_term_string}\"},\"query-input\":{\"@type\":\"PropertyValueSpecification\",\"valueRequired\":true,\"valueName\":\"search_term_string\"}}],\"inLanguage\":\"de-GS\"},{\"@type\":\"Organization\",\"@id\":\"https:\/\/www.ifd-frankfurt.de\/#organization\",\"name\":\"IFD Frankfurt\",\"url\":\"https:\/\/www.ifd-frankfurt.de\/\",\"logo\":{\"@type\":\"ImageObject\",\"inLanguage\":\"de-GS\",\"@id\":\"https:\/\/www.ifd-frankfurt.de\/#\/schema\/logo\/image\/\",\"url\":\"https:\/\/www.ifd-frankfurt.de\/wp-content\/uploads\/2019\/09\/IFD_logo.svg\",\"contentUrl\":\"https:\/\/www.ifd-frankfurt.de\/wp-content\/uploads\/2019\/09\/IFD_logo.svg\",\"width\":164,\"height\":45,\"caption\":\"IFD Frankfurt\"},\"image\":{\"@id\":\"https:\/\/www.ifd-frankfurt.de\/#\/schema\/logo\/image\/\"}},{\"@type\":\"Person\",\"@id\":\"https:\/\/www.ifd-frankfurt.de\/#\/schema\/person\/73f90caae2a0314d6185fa586c9be111\",\"name\":\"Antje Bergmann\",\"image\":{\"@type\":\"ImageObject\",\"inLanguage\":\"de-GS\",\"@id\":\"https:\/\/www.ifd-frankfurt.de\/#\/schema\/person\/image\/\",\"url\":\"https:\/\/secure.gravatar.com\/avatar\/786919dde2cb16a0249def315c0d21c3?s=96&d=mm&r=g\",\"contentUrl\":\"https:\/\/secure.gravatar.com\/avatar\/786919dde2cb16a0249def315c0d21c3?s=96&d=mm&r=g\",\"caption\":\"Antje Bergmann\"},\"sameAs\":[\"http:\/\/www.frankfurter-verein.de\"],\"url\":\"https:\/\/www.ifd-frankfurt.de\/de-gs\/author\/abergmann\/\"}]}<\/script>\n<!-- \/ Yoast SEO plugin. -->","yoast_head_json":{"title":"Corona-Krisentelefone helfen bei Sorgen und N\u00f6ten - IFD Frankfurt","robots":{"index":"index","follow":"follow","max-snippet":"max-snippet:-1","max-image-preview":"max-image-preview:large","max-video-preview":"max-video-preview:-1"},"canonical":"https:\/\/www.ifd-frankfurt.de\/2020\/04\/09\/corona-krisentelefone-helfen-bei-sorgen-und-noten\/","og_locale":"de_DE","og_type":"article","og_title":"Corona-Krisentelefone helfen bei Sorgen und N\u00f6ten - IFD Frankfurt","og_description":"F\u00fcr viele ist die Corona-Zeit eine psychische Belastung. Die Universit\u00e4ten Kassel und Frankfurt haben daf\u00fcr Krisentelefone ins Leben gerufen. Der Gespr\u00e4chsbedarf ist gro\u00df. Corona-Krisentelefone: Corona Krisentelefon des Zentrums f\u00fcr Psychotherapie der Goethe-Universit\u00e4t Frankfurt: 069-798 4 66 66F\u00fcr Erwachsene: Mo-Fr von 15-21 Uhr, Sa und So 16-20 UhrF\u00fcr Kinder, Jugendliche, Eltern: Mo-Fr 9-15 Uhr, Sa 16-20 [&hellip;]","og_url":"https:\/\/www.ifd-frankfurt.de\/2020\/04\/09\/corona-krisentelefone-helfen-bei-sorgen-und-noten\/","og_site_name":"IFD Frankfurt","article_published_time":"2020-04-09T08:15:56+00:00","og_image":[{"width":300,"height":168,"url":"https:\/\/www.ifd-frankfurt.de\/wp-content\/uploads\/2020\/04\/index.jpg","type":"image\/jpeg"}],"author":"Antje Bergmann","twitter_card":"summary_large_image","twitter_misc":{"Written by":"Antje Bergmann"},"schema":{"@context":"https:\/\/schema.org","@graph":[{"@type":"Article","@id":"https:\/\/www.ifd-frankfurt.de\/2020\/04\/09\/corona-krisentelefone-helfen-bei-sorgen-und-noten\/#article","isPartOf":{"@id":"https:\/\/www.ifd-frankfurt.de\/2020\/04\/09\/corona-krisentelefone-helfen-bei-sorgen-und-noten\/"},"author":{"name":"Antje Bergmann","@id":"https:\/\/www.ifd-frankfurt.de\/#\/schema\/person\/73f90caae2a0314d6185fa586c9be111"},"headline":"Corona-Krisentelefone helfen bei Sorgen und N\u00f6ten","datePublished":"2020-04-09T08:15:56+00:00","mainEntityOfPage":{"@id":"https:\/\/www.ifd-frankfurt.de\/2020\/04\/09\/corona-krisentelefone-helfen-bei-sorgen-und-noten\/"},"wordCount":94,"publisher":{"@id":"https:\/\/www.ifd-frankfurt.de\/#organization"},"image":{"@id":"https:\/\/www.ifd-frankfurt.de\/2020\/04\/09\/corona-krisentelefone-helfen-bei-sorgen-und-noten\/#primaryimage"},"thumbnailUrl":"https:\/\/www.ifd-frankfurt.de\/wp-content\/uploads\/2020\/04\/index.jpg","articleSection":["Unkategorisiert"],"inLanguage":"de-GS"},{"@type":"WebPage","@id":"https:\/\/www.ifd-frankfurt.de\/2020\/04\/09\/corona-krisentelefone-helfen-bei-sorgen-und-noten\/","url":"https:\/\/www.ifd-frankfurt.de\/2020\/04\/09\/corona-krisentelefone-helfen-bei-sorgen-und-noten\/","name":"Corona-Krisentelefone helfen bei Sorgen und N\u00f6ten - IFD Frankfurt","isPartOf":{"@id":"https:\/\/www.ifd-frankfurt.de\/#website"},"primaryImageOfPage":{"@id":"https:\/\/www.ifd-frankfurt.de\/2020\/04\/09\/corona-krisentelefone-helfen-bei-sorgen-und-noten\/#primaryimage"},"image":{"@id":"https:\/\/www.ifd-frankfurt.de\/2020\/04\/09\/corona-krisentelefone-helfen-bei-sorgen-und-noten\/#primaryimage"},"thumbnailUrl":"https:\/\/www.ifd-frankfurt.de\/wp-content\/uploads\/2020\/04\/index.jpg","datePublished":"2020-04-09T08:15:56+00:00","breadcrumb":{"@id":"https:\/\/www.ifd-frankfurt.de\/2020\/04\/09\/corona-krisentelefone-helfen-bei-sorgen-und-noten\/#breadcrumb"},"inLanguage":"de-GS","potentialAction":[{"@type":"ReadAction","target":["https:\/\/www.ifd-frankfurt.de\/2020\/04\/09\/corona-krisentelefone-helfen-bei-sorgen-und-noten\/"]}]},{"@type":"ImageObject","inLanguage":"de-GS","@id":"https:\/\/www.ifd-frankfurt.de\/2020\/04\/09\/corona-krisentelefone-helfen-bei-sorgen-und-noten\/#primaryimage","url":"https:\/\/www.ifd-frankfurt.de\/wp-content\/uploads\/2020\/04\/index.jpg","contentUrl":"https:\/\/www.ifd-frankfurt.de\/wp-content\/uploads\/2020\/04\/index.jpg","width":300,"height":168},{"@type":"BreadcrumbList","@id":"https:\/\/www.ifd-frankfurt.de\/2020\/04\/09\/corona-krisentelefone-helfen-bei-sorgen-und-noten\/#breadcrumb","itemListElement":[{"@type":"ListItem","position":1,"name":"Startseite","item":"https:\/\/www.ifd-frankfurt.de\/de-gs\/"},{"@type":"ListItem","position":2,"name":"Corona-Krisentelefone helfen bei Sorgen und N\u00f6ten"}]},{"@type":"WebSite","@id":"https:\/\/www.ifd-frankfurt.de\/#website","url":"https:\/\/www.ifd-frankfurt.de\/","name":"IFD Frankfurt","description":"","publisher":{"@id":"https:\/\/www.ifd-frankfurt.de\/#organization"},"potentialAction":[{"@type":"SearchAction","target":{"@type":"EntryPoint","urlTemplate":"https:\/\/www.ifd-frankfurt.de\/?s={search_term_string}"},"query-input":{"@type":"PropertyValueSpecification","valueRequired":true,"valueName":"search_term_string"}}],"inLanguage":"de-GS"},{"@type":"Organization","@id":"https:\/\/www.ifd-frankfurt.de\/#organization","name":"IFD Frankfurt","url":"https:\/\/www.ifd-frankfurt.de\/","logo":{"@type":"ImageObject","inLanguage":"de-GS","@id":"https:\/\/www.ifd-frankfurt.de\/#\/schema\/logo\/image\/","url":"https:\/\/www.ifd-frankfurt.de\/wp-content\/uploads\/2019\/09\/IFD_logo.svg","contentUrl":"https:\/\/www.ifd-frankfurt.de\/wp-content\/uploads\/2019\/09\/IFD_logo.svg","width":164,"height":45,"caption":"IFD Frankfurt"},"image":{"@id":"https:\/\/www.ifd-frankfurt.de\/#\/schema\/logo\/image\/"}},{"@type":"Person","@id":"https:\/\/www.ifd-frankfurt.de\/#\/schema\/person\/73f90caae2a0314d6185fa586c9be111","name":"Antje Bergmann","image":{"@type":"ImageObject","inLanguage":"de-GS","@id":"https:\/\/www.ifd-frankfurt.de\/#\/schema\/person\/image\/","url":"https:\/\/secure.gravatar.com\/avatar\/786919dde2cb16a0249def315c0d21c3?s=96&d=mm&r=g","contentUrl":"https:\/\/secure.gravatar.com\/avatar\/786919dde2cb16a0249def315c0d21c3?s=96&d=mm&r=g","caption":"Antje Bergmann"},"sameAs":["http:\/\/www.frankfurter-verein.de"],"url":"https:\/\/www.ifd-frankfurt.de\/de-gs\/author\/abergmann\/"}]}},"_links":{"self":[{"href":"https:\/\/www.ifd-frankfurt.de\/de-gs\/wp-json\/wp\/v2\/posts\/1266","targetHints":{"allow":["GET"]}}],"collection":[{"href":"https:\/\/www.ifd-frankfurt.de\/de-gs\/wp-json\/wp\/v2\/posts"}],"about":[{"href":"https:\/\/www.ifd-frankfurt.de\/de-gs\/wp-json\/wp\/v2\/types\/post"}],"author":[{"embeddable":true,"href":"https:\/\/www.ifd-frankfurt.de\/de-gs\/wp-json\/wp\/v2\/users\/2"}],"replies":[{"embeddable":true,"href":"https:\/\/www.ifd-frankfurt.de\/de-gs\/wp-json\/wp\/v2\/comments?post=1266"}],"version-history":[{"count":1,"href":"https:\/\/www.ifd-frankfurt.de\/de-gs\/wp-json\/wp\/v2\/posts\/1266\/revisions"}],"predecessor-version":[{"id":1268,"href":"https:\/\/www.ifd-frankfurt.de\/de-gs\/wp-json\/wp\/v2\/posts\/1266\/revisions\/1268"}],"wp:featuredmedia":[{"embeddable":true,"href":"https:\/\/www.ifd-frankfurt.de\/de-gs\/wp-json\/wp\/v2\/media\/1267"}],"wp:attachment":[{"href":"https:\/\/www.ifd-frankfurt.de\/de-gs\/wp-json\/wp\/v2\/media?parent=1266"}],"wp:term":[{"taxonomy":"category","embeddable":true,"href":"https:\/\/www.ifd-frankfurt.de\/de-gs\/wp-json\/wp\/v2\/categories?post=1266"},{"taxonomy":"post_tag","embeddable":true,"href":"https:\/\/www.ifd-frankfurt.de\/de-gs\/wp-json\/wp\/v2\/tags?post=1266"}],"curies":[{"name":"wp","href":"https:\/\/api.w.org\/{rel}","templated":true}]}}