{"id":1160,"date":"2019-11-05T19:59:30","date_gmt":"2019-11-05T18:59:30","guid":{"rendered":"https:\/\/www.ifd-frankfurt.de\/?p=1160"},"modified":"2019-11-30T19:50:30","modified_gmt":"2019-11-30T18:50:30","slug":"personal-fachkraefte-diversity-inklusion-in-praktikum-ausbildung","status":"publish","type":"post","link":"https:\/\/www.ifd-frankfurt.de\/de-gs\/2019\/11\/05\/personal-fachkraefte-diversity-inklusion-in-praktikum-ausbildung\/","title":{"rendered":"Personal. Fachkr\u00e4fte. Diversity. Inklusion in Praktikum &#038; Ausbildung."},"content":{"rendered":"\n<p>Bereits zum dritten Mal organisierten die Industrie- und  Handelskammer Frankfurt am Main, die Stadt Frankfurt am Main,&nbsp;das Netzwerk Inklusion Deutschland e. V. und die Lust auf besser leben gGmbh  das Personalforum <strong>\u201ePersonal. Fachkr\u00e4fte. Diversity.\u201c<\/strong> und legten in diesem Jahr einen besonderen Fokus auf den Bereich <strong>Praktikum &amp; Ausbildung<\/strong>. <\/p>\n\n\n\n<p>Die Veranstaltung fand am 04. November 2019 im Schneekugelfoyer des Historischen Museums in Kooperation mit der Agentur f\u00fcr Arbeit und dem LWV Hessen sowie Schulen aus dem Raum Frankfurt statt. Von 9 bis 12 Uhr kamen Sch\u00fcler*innen sowie Interessierte mit Unternehmen in Form eines Speed-Datings zusammen, um \u00fcber Schnuppertage, Praktika und Ausbildungsm\u00f6glichkeiten zu sprechen. <\/p>\n\n\n\n<p>Auch wir vom IFD Frankfurt wurden eingeladen, unsere Arbeit und Angebote im Bereich \u00dcbergang Schule\/Beruf vorzustellen &#8211; so teilten wir uns einen gemeinsamen Stand mit dem Integrationsamt (LWV Hessen) und konnten vielen Betroffenen und Interessierten, insgesamt 350 Menschen, zu diversen Fragen und Anliegen eine kleine Beratung anbieten.  <\/p>\n\n\n\n<figure class=\"wp-block-image\"><img fetchpriority=\"high\" decoding=\"async\" width=\"1024\" height=\"768\" src=\"https:\/\/www.ifd-frankfurt.de\/wp-content\/uploads\/2019\/11\/Stand-Messe-1024x768.jpg\" alt=\"\" class=\"wp-image-1164\" srcset=\"https:\/\/www.ifd-frankfurt.de\/wp-content\/uploads\/2019\/11\/Stand-Messe-1024x768.jpg 1024w, https:\/\/www.ifd-frankfurt.de\/wp-content\/uploads\/2019\/11\/Stand-Messe-300x225.jpg 300w, https:\/\/www.ifd-frankfurt.de\/wp-content\/uploads\/2019\/11\/Stand-Messe-768x576.jpg 768w, https:\/\/www.ifd-frankfurt.de\/wp-content\/uploads\/2019\/11\/Stand-Messe.jpg 1600w\" sizes=\"(max-width: 1024px) 100vw, 1024px\" \/><figcaption>Stand IFD (links) und Integratiosnamt (rechts) im Schneekugelfoyer des Historischen Museums<\/figcaption><\/figure>\n\n\n\n<p>F\u00fcr uns war die Veranstaltung ein voller Erfolg! Wir freuen uns, wenn wir auch im n\u00e4chsten Jahr wieder dabei sein d\u00fcrfen..<\/p>\n\n\n\n<p>Weitere Berichte zur Veranstaltung finden Sie unter folgenden Links:<\/p>\n\n\n\n<ul class=\"wp-block-list\"><li> https:\/\/www.lwv-hessen.de\/lwv-politik\/aktuelles\/detailansicht\/?no_cache=1&amp;tx_ttnews%5Byear%5D=2019&amp;tx_ttnews%5Bmonth%5D=11&amp;tx_ttnews%5Bday%5D=06&amp;tx_ttnews%5Btt_news%5D=443 <\/li><li> https:\/\/www.frankfurt-live.com\/wirtschaft-profitiert-von-inklusion-116846.html  <\/li><\/ul>\n","protected":false},"excerpt":{"rendered":"<p>Bereits zum dritten Mal organisierten die Industrie- und Handelskammer Frankfurt am Main, die Stadt Frankfurt am Main,&nbsp;das Netzwerk Inklusion Deutschland e. V. und die Lust auf besser leben gGmbh das Personalforum \u201ePersonal. Fachkr\u00e4fte. Diversity.\u201c und legten in diesem Jahr einen besonderen Fokus auf den Bereich Praktikum &amp; Ausbildung. Die Veranstaltung fand am 04. November 2019 [&hellip;]<\/p>\n","protected":false},"author":2,"featured_media":1161,"comment_status":"closed","ping_status":"closed","sticky":false,"template":"","format":"standard","meta":{"_acf_changed":false,"footnotes":""},"categories":[1],"tags":[],"class_list":["post-1160","post","type-post","status-publish","format-standard","has-post-thumbnail","hentry","category-unkategorisiert"],"acf":[],"yoast_head":"<!-- This site is optimized with the Yoast SEO plugin v24.6 - https:\/\/yoast.com\/wordpress\/plugins\/seo\/ -->\n<title>Personal. Fachkr\u00e4fte. Diversity. Inklusion in Praktikum &amp; Ausbildung. - IFD Frankfurt<\/title>\n<meta name=\"robots\" content=\"index, follow, max-snippet:-1, max-image-preview:large, max-video-preview:-1\" \/>\n<link rel=\"canonical\" href=\"https:\/\/www.ifd-frankfurt.de\/2019\/11\/05\/personal-fachkraefte-diversity-inklusion-in-praktikum-ausbildung\/\" \/>\n<meta property=\"og:locale\" content=\"de_DE\" \/>\n<meta property=\"og:type\" content=\"article\" \/>\n<meta property=\"og:title\" content=\"Personal. Fachkr\u00e4fte. Diversity. Inklusion in Praktikum &amp; Ausbildung. - IFD Frankfurt\" \/>\n<meta property=\"og:description\" content=\"Bereits zum dritten Mal organisierten die Industrie- und Handelskammer Frankfurt am Main, die Stadt Frankfurt am Main,&nbsp;das Netzwerk Inklusion Deutschland e. V. und die Lust auf besser leben gGmbh das Personalforum \u201ePersonal. Fachkr\u00e4fte. Diversity.\u201c und legten in diesem Jahr einen besonderen Fokus auf den Bereich Praktikum &amp; Ausbildung. Die Veranstaltung fand am 04. November 2019 [&hellip;]\" \/>\n<meta property=\"og:url\" content=\"https:\/\/www.ifd-frankfurt.de\/2019\/11\/05\/personal-fachkraefte-diversity-inklusion-in-praktikum-ausbildung\/\" \/>\n<meta property=\"og:site_name\" content=\"IFD Frankfurt\" \/>\n<meta property=\"article:published_time\" content=\"2019-11-05T18:59:30+00:00\" \/>\n<meta property=\"article:modified_time\" content=\"2019-11-30T18:50:30+00:00\" \/>\n<meta property=\"og:image\" content=\"https:\/\/www.ifd-frankfurt.de\/wp-content\/uploads\/2019\/11\/Titelbild.png\" \/>\n\t<meta property=\"og:image:width\" content=\"300\" \/>\n\t<meta property=\"og:image:height\" content=\"168\" \/>\n\t<meta property=\"og:image:type\" content=\"image\/png\" \/>\n<meta name=\"author\" content=\"Antje Bergmann\" \/>\n<meta name=\"twitter:card\" content=\"summary_large_image\" \/>\n<meta name=\"twitter:label1\" content=\"Written by\" \/>\n\t<meta name=\"twitter:data1\" content=\"Antje Bergmann\" \/>\n\t<meta name=\"twitter:label2\" content=\"Est. reading time\" \/>\n\t<meta name=\"twitter:data2\" content=\"1 minute\" \/>\n<script type=\"application\/ld+json\" class=\"yoast-schema-graph\">{\"@context\":\"https:\/\/schema.org\",\"@graph\":[{\"@type\":\"Article\",\"@id\":\"https:\/\/www.ifd-frankfurt.de\/2019\/11\/05\/personal-fachkraefte-diversity-inklusion-in-praktikum-ausbildung\/#article\",\"isPartOf\":{\"@id\":\"https:\/\/www.ifd-frankfurt.de\/2019\/11\/05\/personal-fachkraefte-diversity-inklusion-in-praktikum-ausbildung\/\"},\"author\":{\"name\":\"Antje Bergmann\",\"@id\":\"https:\/\/www.ifd-frankfurt.de\/#\/schema\/person\/73f90caae2a0314d6185fa586c9be111\"},\"headline\":\"Personal. Fachkr\u00e4fte. Diversity. Inklusion in Praktikum &#038; Ausbildung.\",\"datePublished\":\"2019-11-05T18:59:30+00:00\",\"dateModified\":\"2019-11-30T18:50:30+00:00\",\"mainEntityOfPage\":{\"@id\":\"https:\/\/www.ifd-frankfurt.de\/2019\/11\/05\/personal-fachkraefte-diversity-inklusion-in-praktikum-ausbildung\/\"},\"wordCount\":240,\"publisher\":{\"@id\":\"https:\/\/www.ifd-frankfurt.de\/#organization\"},\"image\":{\"@id\":\"https:\/\/www.ifd-frankfurt.de\/2019\/11\/05\/personal-fachkraefte-diversity-inklusion-in-praktikum-ausbildung\/#primaryimage\"},\"thumbnailUrl\":\"https:\/\/www.ifd-frankfurt.de\/wp-content\/uploads\/2019\/11\/Titelbild.png\",\"articleSection\":[\"Unkategorisiert\"],\"inLanguage\":\"de-GS\"},{\"@type\":\"WebPage\",\"@id\":\"https:\/\/www.ifd-frankfurt.de\/2019\/11\/05\/personal-fachkraefte-diversity-inklusion-in-praktikum-ausbildung\/\",\"url\":\"https:\/\/www.ifd-frankfurt.de\/2019\/11\/05\/personal-fachkraefte-diversity-inklusion-in-praktikum-ausbildung\/\",\"name\":\"Personal. Fachkr\u00e4fte. Diversity. Inklusion in Praktikum & Ausbildung. - IFD Frankfurt\",\"isPartOf\":{\"@id\":\"https:\/\/www.ifd-frankfurt.de\/#website\"},\"primaryImageOfPage\":{\"@id\":\"https:\/\/www.ifd-frankfurt.de\/2019\/11\/05\/personal-fachkraefte-diversity-inklusion-in-praktikum-ausbildung\/#primaryimage\"},\"image\":{\"@id\":\"https:\/\/www.ifd-frankfurt.de\/2019\/11\/05\/personal-fachkraefte-diversity-inklusion-in-praktikum-ausbildung\/#primaryimage\"},\"thumbnailUrl\":\"https:\/\/www.ifd-frankfurt.de\/wp-content\/uploads\/2019\/11\/Titelbild.png\",\"datePublished\":\"2019-11-05T18:59:30+00:00\",\"dateModified\":\"2019-11-30T18:50:30+00:00\",\"breadcrumb\":{\"@id\":\"https:\/\/www.ifd-frankfurt.de\/2019\/11\/05\/personal-fachkraefte-diversity-inklusion-in-praktikum-ausbildung\/#breadcrumb\"},\"inLanguage\":\"de-GS\",\"potentialAction\":[{\"@type\":\"ReadAction\",\"target\":[\"https:\/\/www.ifd-frankfurt.de\/2019\/11\/05\/personal-fachkraefte-diversity-inklusion-in-praktikum-ausbildung\/\"]}]},{\"@type\":\"ImageObject\",\"inLanguage\":\"de-GS\",\"@id\":\"https:\/\/www.ifd-frankfurt.de\/2019\/11\/05\/personal-fachkraefte-diversity-inklusion-in-praktikum-ausbildung\/#primaryimage\",\"url\":\"https:\/\/www.ifd-frankfurt.de\/wp-content\/uploads\/2019\/11\/Titelbild.png\",\"contentUrl\":\"https:\/\/www.ifd-frankfurt.de\/wp-content\/uploads\/2019\/11\/Titelbild.png\",\"width\":300,\"height\":168},{\"@type\":\"BreadcrumbList\",\"@id\":\"https:\/\/www.ifd-frankfurt.de\/2019\/11\/05\/personal-fachkraefte-diversity-inklusion-in-praktikum-ausbildung\/#breadcrumb\",\"itemListElement\":[{\"@type\":\"ListItem\",\"position\":1,\"name\":\"Startseite\",\"item\":\"https:\/\/www.ifd-frankfurt.de\/de-gs\/\"},{\"@type\":\"ListItem\",\"position\":2,\"name\":\"Personal. Fachkr\u00e4fte. Diversity. Inklusion in Praktikum &#038; Ausbildung.\"}]},{\"@type\":\"WebSite\",\"@id\":\"https:\/\/www.ifd-frankfurt.de\/#website\",\"url\":\"https:\/\/www.ifd-frankfurt.de\/\",\"name\":\"IFD Frankfurt\",\"description\":\"\",\"publisher\":{\"@id\":\"https:\/\/www.ifd-frankfurt.de\/#organization\"},\"potentialAction\":[{\"@type\":\"SearchAction\",\"target\":{\"@type\":\"EntryPoint\",\"urlTemplate\":\"https:\/\/www.ifd-frankfurt.de\/?s={search_term_string}\"},\"query-input\":{\"@type\":\"PropertyValueSpecification\",\"valueRequired\":true,\"valueName\":\"search_term_string\"}}],\"inLanguage\":\"de-GS\"},{\"@type\":\"Organization\",\"@id\":\"https:\/\/www.ifd-frankfurt.de\/#organization\",\"name\":\"IFD Frankfurt\",\"url\":\"https:\/\/www.ifd-frankfurt.de\/\",\"logo\":{\"@type\":\"ImageObject\",\"inLanguage\":\"de-GS\",\"@id\":\"https:\/\/www.ifd-frankfurt.de\/#\/schema\/logo\/image\/\",\"url\":\"https:\/\/www.ifd-frankfurt.de\/wp-content\/uploads\/2019\/09\/IFD_logo.svg\",\"contentUrl\":\"https:\/\/www.ifd-frankfurt.de\/wp-content\/uploads\/2019\/09\/IFD_logo.svg\",\"width\":164,\"height\":45,\"caption\":\"IFD Frankfurt\"},\"image\":{\"@id\":\"https:\/\/www.ifd-frankfurt.de\/#\/schema\/logo\/image\/\"}},{\"@type\":\"Person\",\"@id\":\"https:\/\/www.ifd-frankfurt.de\/#\/schema\/person\/73f90caae2a0314d6185fa586c9be111\",\"name\":\"Antje Bergmann\",\"image\":{\"@type\":\"ImageObject\",\"inLanguage\":\"de-GS\",\"@id\":\"https:\/\/www.ifd-frankfurt.de\/#\/schema\/person\/image\/\",\"url\":\"https:\/\/secure.gravatar.com\/avatar\/786919dde2cb16a0249def315c0d21c3?s=96&d=mm&r=g\",\"contentUrl\":\"https:\/\/secure.gravatar.com\/avatar\/786919dde2cb16a0249def315c0d21c3?s=96&d=mm&r=g\",\"caption\":\"Antje Bergmann\"},\"sameAs\":[\"http:\/\/www.frankfurter-verein.de\"],\"url\":\"https:\/\/www.ifd-frankfurt.de\/de-gs\/author\/abergmann\/\"}]}<\/script>\n<!-- \/ Yoast SEO plugin. -->","yoast_head_json":{"title":"Personal. Fachkr\u00e4fte. Diversity. Inklusion in Praktikum & Ausbildung. - IFD Frankfurt","robots":{"index":"index","follow":"follow","max-snippet":"max-snippet:-1","max-image-preview":"max-image-preview:large","max-video-preview":"max-video-preview:-1"},"canonical":"https:\/\/www.ifd-frankfurt.de\/2019\/11\/05\/personal-fachkraefte-diversity-inklusion-in-praktikum-ausbildung\/","og_locale":"de_DE","og_type":"article","og_title":"Personal. Fachkr\u00e4fte. Diversity. Inklusion in Praktikum & Ausbildung. - IFD Frankfurt","og_description":"Bereits zum dritten Mal organisierten die Industrie- und Handelskammer Frankfurt am Main, die Stadt Frankfurt am Main,&nbsp;das Netzwerk Inklusion Deutschland e. V. und die Lust auf besser leben gGmbh das Personalforum \u201ePersonal. Fachkr\u00e4fte. Diversity.\u201c und legten in diesem Jahr einen besonderen Fokus auf den Bereich Praktikum &amp; Ausbildung. Die Veranstaltung fand am 04. November 2019 [&hellip;]","og_url":"https:\/\/www.ifd-frankfurt.de\/2019\/11\/05\/personal-fachkraefte-diversity-inklusion-in-praktikum-ausbildung\/","og_site_name":"IFD Frankfurt","article_published_time":"2019-11-05T18:59:30+00:00","article_modified_time":"2019-11-30T18:50:30+00:00","og_image":[{"width":300,"height":168,"url":"https:\/\/www.ifd-frankfurt.de\/wp-content\/uploads\/2019\/11\/Titelbild.png","type":"image\/png"}],"author":"Antje Bergmann","twitter_card":"summary_large_image","twitter_misc":{"Written by":"Antje Bergmann","Est. reading time":"1 minute"},"schema":{"@context":"https:\/\/schema.org","@graph":[{"@type":"Article","@id":"https:\/\/www.ifd-frankfurt.de\/2019\/11\/05\/personal-fachkraefte-diversity-inklusion-in-praktikum-ausbildung\/#article","isPartOf":{"@id":"https:\/\/www.ifd-frankfurt.de\/2019\/11\/05\/personal-fachkraefte-diversity-inklusion-in-praktikum-ausbildung\/"},"author":{"name":"Antje Bergmann","@id":"https:\/\/www.ifd-frankfurt.de\/#\/schema\/person\/73f90caae2a0314d6185fa586c9be111"},"headline":"Personal. Fachkr\u00e4fte. Diversity. Inklusion in Praktikum &#038; Ausbildung.","datePublished":"2019-11-05T18:59:30+00:00","dateModified":"2019-11-30T18:50:30+00:00","mainEntityOfPage":{"@id":"https:\/\/www.ifd-frankfurt.de\/2019\/11\/05\/personal-fachkraefte-diversity-inklusion-in-praktikum-ausbildung\/"},"wordCount":240,"publisher":{"@id":"https:\/\/www.ifd-frankfurt.de\/#organization"},"image":{"@id":"https:\/\/www.ifd-frankfurt.de\/2019\/11\/05\/personal-fachkraefte-diversity-inklusion-in-praktikum-ausbildung\/#primaryimage"},"thumbnailUrl":"https:\/\/www.ifd-frankfurt.de\/wp-content\/uploads\/2019\/11\/Titelbild.png","articleSection":["Unkategorisiert"],"inLanguage":"de-GS"},{"@type":"WebPage","@id":"https:\/\/www.ifd-frankfurt.de\/2019\/11\/05\/personal-fachkraefte-diversity-inklusion-in-praktikum-ausbildung\/","url":"https:\/\/www.ifd-frankfurt.de\/2019\/11\/05\/personal-fachkraefte-diversity-inklusion-in-praktikum-ausbildung\/","name":"Personal. Fachkr\u00e4fte. Diversity. Inklusion in Praktikum & Ausbildung. - IFD Frankfurt","isPartOf":{"@id":"https:\/\/www.ifd-frankfurt.de\/#website"},"primaryImageOfPage":{"@id":"https:\/\/www.ifd-frankfurt.de\/2019\/11\/05\/personal-fachkraefte-diversity-inklusion-in-praktikum-ausbildung\/#primaryimage"},"image":{"@id":"https:\/\/www.ifd-frankfurt.de\/2019\/11\/05\/personal-fachkraefte-diversity-inklusion-in-praktikum-ausbildung\/#primaryimage"},"thumbnailUrl":"https:\/\/www.ifd-frankfurt.de\/wp-content\/uploads\/2019\/11\/Titelbild.png","datePublished":"2019-11-05T18:59:30+00:00","dateModified":"2019-11-30T18:50:30+00:00","breadcrumb":{"@id":"https:\/\/www.ifd-frankfurt.de\/2019\/11\/05\/personal-fachkraefte-diversity-inklusion-in-praktikum-ausbildung\/#breadcrumb"},"inLanguage":"de-GS","potentialAction":[{"@type":"ReadAction","target":["https:\/\/www.ifd-frankfurt.de\/2019\/11\/05\/personal-fachkraefte-diversity-inklusion-in-praktikum-ausbildung\/"]}]},{"@type":"ImageObject","inLanguage":"de-GS","@id":"https:\/\/www.ifd-frankfurt.de\/2019\/11\/05\/personal-fachkraefte-diversity-inklusion-in-praktikum-ausbildung\/#primaryimage","url":"https:\/\/www.ifd-frankfurt.de\/wp-content\/uploads\/2019\/11\/Titelbild.png","contentUrl":"https:\/\/www.ifd-frankfurt.de\/wp-content\/uploads\/2019\/11\/Titelbild.png","width":300,"height":168},{"@type":"BreadcrumbList","@id":"https:\/\/www.ifd-frankfurt.de\/2019\/11\/05\/personal-fachkraefte-diversity-inklusion-in-praktikum-ausbildung\/#breadcrumb","itemListElement":[{"@type":"ListItem","position":1,"name":"Startseite","item":"https:\/\/www.ifd-frankfurt.de\/de-gs\/"},{"@type":"ListItem","position":2,"name":"Personal. Fachkr\u00e4fte. Diversity. Inklusion in Praktikum &#038; Ausbildung."}]},{"@type":"WebSite","@id":"https:\/\/www.ifd-frankfurt.de\/#website","url":"https:\/\/www.ifd-frankfurt.de\/","name":"IFD Frankfurt","description":"","publisher":{"@id":"https:\/\/www.ifd-frankfurt.de\/#organization"},"potentialAction":[{"@type":"SearchAction","target":{"@type":"EntryPoint","urlTemplate":"https:\/\/www.ifd-frankfurt.de\/?s={search_term_string}"},"query-input":{"@type":"PropertyValueSpecification","valueRequired":true,"valueName":"search_term_string"}}],"inLanguage":"de-GS"},{"@type":"Organization","@id":"https:\/\/www.ifd-frankfurt.de\/#organization","name":"IFD Frankfurt","url":"https:\/\/www.ifd-frankfurt.de\/","logo":{"@type":"ImageObject","inLanguage":"de-GS","@id":"https:\/\/www.ifd-frankfurt.de\/#\/schema\/logo\/image\/","url":"https:\/\/www.ifd-frankfurt.de\/wp-content\/uploads\/2019\/09\/IFD_logo.svg","contentUrl":"https:\/\/www.ifd-frankfurt.de\/wp-content\/uploads\/2019\/09\/IFD_logo.svg","width":164,"height":45,"caption":"IFD Frankfurt"},"image":{"@id":"https:\/\/www.ifd-frankfurt.de\/#\/schema\/logo\/image\/"}},{"@type":"Person","@id":"https:\/\/www.ifd-frankfurt.de\/#\/schema\/person\/73f90caae2a0314d6185fa586c9be111","name":"Antje Bergmann","image":{"@type":"ImageObject","inLanguage":"de-GS","@id":"https:\/\/www.ifd-frankfurt.de\/#\/schema\/person\/image\/","url":"https:\/\/secure.gravatar.com\/avatar\/786919dde2cb16a0249def315c0d21c3?s=96&d=mm&r=g","contentUrl":"https:\/\/secure.gravatar.com\/avatar\/786919dde2cb16a0249def315c0d21c3?s=96&d=mm&r=g","caption":"Antje Bergmann"},"sameAs":["http:\/\/www.frankfurter-verein.de"],"url":"https:\/\/www.ifd-frankfurt.de\/de-gs\/author\/abergmann\/"}]}},"_links":{"self":[{"href":"https:\/\/www.ifd-frankfurt.de\/de-gs\/wp-json\/wp\/v2\/posts\/1160","targetHints":{"allow":["GET"]}}],"collection":[{"href":"https:\/\/www.ifd-frankfurt.de\/de-gs\/wp-json\/wp\/v2\/posts"}],"about":[{"href":"https:\/\/www.ifd-frankfurt.de\/de-gs\/wp-json\/wp\/v2\/types\/post"}],"author":[{"embeddable":true,"href":"https:\/\/www.ifd-frankfurt.de\/de-gs\/wp-json\/wp\/v2\/users\/2"}],"replies":[{"embeddable":true,"href":"https:\/\/www.ifd-frankfurt.de\/de-gs\/wp-json\/wp\/v2\/comments?post=1160"}],"version-history":[{"count":2,"href":"https:\/\/www.ifd-frankfurt.de\/de-gs\/wp-json\/wp\/v2\/posts\/1160\/revisions"}],"predecessor-version":[{"id":1177,"href":"https:\/\/www.ifd-frankfurt.de\/de-gs\/wp-json\/wp\/v2\/posts\/1160\/revisions\/1177"}],"wp:featuredmedia":[{"embeddable":true,"href":"https:\/\/www.ifd-frankfurt.de\/de-gs\/wp-json\/wp\/v2\/media\/1161"}],"wp:attachment":[{"href":"https:\/\/www.ifd-frankfurt.de\/de-gs\/wp-json\/wp\/v2\/media?parent=1160"}],"wp:term":[{"taxonomy":"category","embeddable":true,"href":"https:\/\/www.ifd-frankfurt.de\/de-gs\/wp-json\/wp\/v2\/categories?post=1160"},{"taxonomy":"post_tag","embeddable":true,"href":"https:\/\/www.ifd-frankfurt.de\/de-gs\/wp-json\/wp\/v2\/tags?post=1160"}],"curies":[{"name":"wp","href":"https:\/\/api.w.org\/{rel}","templated":true}]}}